{"id":2,"name":"Amarante Montagne","url":"","description":"Je m\u2019appelle Amarante Montagne, expert en mode et passionn\u00e9 par l\u2019\u00e9l\u00e9gance intemporelle. Originaire de Paris, je crois en une mode qui allie tradition et modernit\u00e9, avec des coupes impeccables et des mati\u00e8res nobles.","link":"https:\/\/enlightennext.de\/ro\/author\/amarante-montagne\/","slug":"amarante-montagne","avatar_urls":{"24":"https:\/\/enlightennext.de\/wp-content\/uploads\/2025\/02\/amarante-montagne_avatar-24x24.jpg","48":"https:\/\/enlightennext.de\/wp-content\/uploads\/2025\/02\/amarante-montagne_avatar-48x48.jpg","96":"https:\/\/enlightennext.de\/wp-content\/uploads\/2025\/02\/amarante-montagne_avatar-96x96.jpg"},"meta":[],"acf":[],"yoast_head":"<!-- This site is optimized with the Yoast SEO plugin v23.2 - https:\/\/yoast.com\/wordpress\/plugins\/seo\/ -->\n<title>Amarante Montagne - Conseils mode<\/title>\n<meta name=\"description\" content=\"D\u00e9couvrez les conseils d\u2019Amarante Montagne, expert en mode.\" \/>\n<meta name=\"robots\" content=\"index, follow, max-snippet:-1, max-image-preview:large, max-video-preview:-1\" \/>\n<link rel=\"canonical\" href=\"https:\/\/enlightennext.de\/ro\/author\/amarante-montagne\/\" \/>\n<meta property=\"og:locale\" content=\"ro_RO\" \/>\n<meta property=\"og:type\" content=\"profile\" \/>\n<meta property=\"og:title\" content=\"Amarante Montagne - Conseils mode\" \/>\n<meta property=\"og:description\" content=\"D\u00e9couvrez les conseils d\u2019Amarante Montagne, expert en mode.\" \/>\n<meta property=\"og:url\" content=\"https:\/\/enlightennext.de\/ro\/author\/amarante-montagne\/\" \/>\n<meta property=\"og:site_name\" content=\"enlightennext.de\" \/>\n<meta property=\"og:image\" content=\"https:\/\/enlightennext.de\/wp-content\/uploads\/2025\/02\/amarante-montagne_avatar-500x500.jpg\" \/>\n<meta name=\"twitter:card\" content=\"summary_large_image\" \/>\n<script type=\"application\/ld+json\" class=\"yoast-schema-graph\">{\"@context\":\"https:\/\/schema.org\",\"@graph\":[{\"@type\":\"ProfilePage\",\"@id\":\"https:\/\/enlightennext.de\/author\/amarante-montagne\/\",\"url\":\"https:\/\/enlightennext.de\/author\/amarante-montagne\/\",\"name\":\"Amarante Montagne - Conseils mode\",\"isPartOf\":{\"@id\":\"https:\/\/enlightennext.de\/#website\"},\"description\":\"D\u00e9couvrez les conseils d\u2019Amarante Montagne, expert en mode.\",\"breadcrumb\":{\"@id\":\"https:\/\/enlightennext.de\/author\/amarante-montagne\/#breadcrumb\"},\"inLanguage\":\"ro-RO\",\"potentialAction\":[{\"@type\":\"ReadAction\",\"target\":[\"https:\/\/enlightennext.de\/author\/amarante-montagne\/\"]}]},{\"@type\":\"BreadcrumbList\",\"@id\":\"https:\/\/enlightennext.de\/author\/amarante-montagne\/#breadcrumb\",\"itemListElement\":[{\"@type\":\"ListItem\",\"position\":1,\"name\":\"Home\",\"item\":\"https:\/\/enlightennext.de\/\"},{\"@type\":\"ListItem\",\"position\":2,\"name\":\"Archives for Amarante Montagne\"}]},{\"@type\":\"WebSite\",\"@id\":\"https:\/\/enlightennext.de\/#website\",\"url\":\"https:\/\/enlightennext.de\/\",\"name\":\"enlightennext.de\",\"description\":\"Secrets de Style: D\u00e9couvrez comment cr\u00e9er des tenues harmonieuses et modernes\",\"potentialAction\":[{\"@type\":\"SearchAction\",\"target\":{\"@type\":\"EntryPoint\",\"urlTemplate\":\"https:\/\/enlightennext.de\/?s={search_term_string}\"},\"query-input\":\"required name=search_term_string\"}],\"inLanguage\":\"ro-RO\"},{\"@type\":\"Person\",\"@id\":\"https:\/\/enlightennext.de\/#\/schema\/person\/caab0ed1b927fca4af9c2750a5992071\",\"name\":\"Amarante Montagne\",\"image\":{\"@type\":\"ImageObject\",\"inLanguage\":\"ro-RO\",\"@id\":\"https:\/\/enlightennext.de\/#\/schema\/person\/image\/\",\"url\":\"https:\/\/enlightennext.de\/wp-content\/uploads\/2025\/02\/amarante-montagne_avatar-96x96.jpg\",\"contentUrl\":\"https:\/\/enlightennext.de\/wp-content\/uploads\/2025\/02\/amarante-montagne_avatar-96x96.jpg\",\"caption\":\"Amarante Montagne\"},\"description\":\"Je m\u2019appelle Amarante Montagne, expert en mode et passionn\u00e9 par l\u2019\u00e9l\u00e9gance intemporelle. Originaire de Paris, je crois en une mode qui allie tradition et modernit\u00e9, avec des coupes impeccables et des mati\u00e8res nobles.\",\"mainEntityOfPage\":{\"@id\":\"https:\/\/enlightennext.de\/author\/amarante-montagne\/\"}}]}<\/script>\n<!-- \/ Yoast SEO plugin. -->","yoast_head_json":{"title":"Amarante Montagne - Conseils mode","description":"D\u00e9couvrez les conseils d\u2019Amarante Montagne, expert en mode.","robots":{"index":"index","follow":"follow","max-snippet":"max-snippet:-1","max-image-preview":"max-image-preview:large","max-video-preview":"max-video-preview:-1"},"canonical":"https:\/\/enlightennext.de\/ro\/author\/amarante-montagne\/","og_locale":"ro_RO","og_type":"profile","og_title":"Amarante Montagne - Conseils mode","og_description":"D\u00e9couvrez les conseils d\u2019Amarante Montagne, expert en mode.","og_url":"https:\/\/enlightennext.de\/ro\/author\/amarante-montagne\/","og_site_name":"enlightennext.de","og_image":[{"url":"https:\/\/enlightennext.de\/wp-content\/uploads\/2025\/02\/amarante-montagne_avatar-500x500.jpg"}],"twitter_card":"summary_large_image","schema":{"@context":"https:\/\/schema.org","@graph":[{"@type":"ProfilePage","@id":"https:\/\/enlightennext.de\/author\/amarante-montagne\/","url":"https:\/\/enlightennext.de\/author\/amarante-montagne\/","name":"Amarante Montagne - Conseils mode","isPartOf":{"@id":"https:\/\/enlightennext.de\/#website"},"description":"D\u00e9couvrez les conseils d\u2019Amarante Montagne, expert en mode.","breadcrumb":{"@id":"https:\/\/enlightennext.de\/author\/amarante-montagne\/#breadcrumb"},"inLanguage":"ro-RO","potentialAction":[{"@type":"ReadAction","target":["https:\/\/enlightennext.de\/author\/amarante-montagne\/"]}]},{"@type":"BreadcrumbList","@id":"https:\/\/enlightennext.de\/author\/amarante-montagne\/#breadcrumb","itemListElement":[{"@type":"ListItem","position":1,"name":"Home","item":"https:\/\/enlightennext.de\/"},{"@type":"ListItem","position":2,"name":"Archives for Amarante Montagne"}]},{"@type":"WebSite","@id":"https:\/\/enlightennext.de\/#website","url":"https:\/\/enlightennext.de\/","name":"enlightennext.de","description":"Secrets de Style: D\u00e9couvrez comment cr\u00e9er des tenues harmonieuses et modernes","potentialAction":[{"@type":"SearchAction","target":{"@type":"EntryPoint","urlTemplate":"https:\/\/enlightennext.de\/?s={search_term_string}"},"query-input":"required name=search_term_string"}],"inLanguage":"ro-RO"},{"@type":"Person","@id":"https:\/\/enlightennext.de\/#\/schema\/person\/caab0ed1b927fca4af9c2750a5992071","name":"Amarante Montagne","image":{"@type":"ImageObject","inLanguage":"ro-RO","@id":"https:\/\/enlightennext.de\/#\/schema\/person\/image\/","url":"https:\/\/enlightennext.de\/wp-content\/uploads\/2025\/02\/amarante-montagne_avatar-96x96.jpg","contentUrl":"https:\/\/enlightennext.de\/wp-content\/uploads\/2025\/02\/amarante-montagne_avatar-96x96.jpg","caption":"Amarante Montagne"},"description":"Je m\u2019appelle Amarante Montagne, expert en mode et passionn\u00e9 par l\u2019\u00e9l\u00e9gance intemporelle. Originaire de Paris, je crois en une mode qui allie tradition et modernit\u00e9, avec des coupes impeccables et des mati\u00e8res nobles.","mainEntityOfPage":{"@id":"https:\/\/enlightennext.de\/author\/amarante-montagne\/"}}]}},"_links":{"self":[{"href":"https:\/\/enlightennext.de\/ro\/wp-json\/wp\/v2\/users\/2","targetHints":{"allow":["GET"]}}],"collection":[{"href":"https:\/\/enlightennext.de\/ro\/wp-json\/wp\/v2\/users"}]}}