{"id":96,"date":"2025-02-20T00:00:00","date_gmt":"2025-02-20T00:00:00","guid":{"rendered":"https:\/\/enlightennext.de\/?p=96"},"modified":"2025-02-20T00:00:00","modified_gmt":"2025-02-20T00:00:00","slug":"idees-de-tenues-comment-porter-le-pantalon-cargo-au-bureau","status":"publish","type":"post","link":"https:\/\/enlightennext.de\/ro\/idees-de-tenues-comment-porter-le-pantalon-cargo-au-bureau\/","title":{"rendered":"Idei de \u021binute: Cum s\u0103 por\u021bi pantaloni cargo la birou"},"content":{"rendered":"<div class=\"kk-star-ratings kksr-auto kksr-align-left kksr-valign-top\"\n    data-payload='{&quot;align&quot;:&quot;left&quot;,&quot;id&quot;:&quot;96&quot;,&quot;slug&quot;:&quot;default&quot;,&quot;valign&quot;:&quot;top&quot;,&quot;ignore&quot;:&quot;&quot;,&quot;reference&quot;:&quot;auto&quot;,&quot;class&quot;:&quot;&quot;,&quot;count&quot;:&quot;0&quot;,&quot;legendonly&quot;:&quot;&quot;,&quot;readonly&quot;:&quot;&quot;,&quot;score&quot;:&quot;0&quot;,&quot;starsonly&quot;:&quot;&quot;,&quot;best&quot;:&quot;5&quot;,&quot;gap&quot;:&quot;5&quot;,&quot;greet&quot;:&quot;Rate this post&quot;,&quot;legend&quot;:&quot;0\\\/5 - (0 votes)&quot;,&quot;size&quot;:&quot;24&quot;,&quot;title&quot;:&quot;Id\u00e9es de tenues: Comment porter le pantalon cargo au bureau&quot;,&quot;width&quot;:&quot;0&quot;,&quot;_legend&quot;:&quot;{score}\\\/{best} - ({count} {votes})&quot;,&quot;font_factor&quot;:&quot;1.25&quot;}'>\n            \n<div class=\"kksr-stars\">\n    \n<div class=\"kksr-stars-inactive\">\n            <div class=\"kksr-star\" data-star=\"1\" style=\"padding-right: 5px\">\n            \n\n<div class=\"kksr-icon\" style=\"width: 24px; height: 24px;\"><\/div>\n        <\/div>\n            <div class=\"kksr-star\" data-star=\"2\" style=\"padding-right: 5px\">\n            \n\n<div class=\"kksr-icon\" style=\"width: 24px; height: 24px;\"><\/div>\n        <\/div>\n            <div class=\"kksr-star\" data-star=\"3\" style=\"padding-right: 5px\">\n            \n\n<div class=\"kksr-icon\" style=\"width: 24px; height: 24px;\"><\/div>\n        <\/div>\n            <div class=\"kksr-star\" data-star=\"4\" style=\"padding-right: 5px\">\n            \n\n<div class=\"kksr-icon\" style=\"width: 24px; height: 24px;\"><\/div>\n        <\/div>\n            <div class=\"kksr-star\" data-star=\"5\" style=\"padding-right: 5px\">\n            \n\n<div class=\"kksr-icon\" style=\"width: 24px; height: 24px;\"><\/div>\n        <\/div>\n    <\/div>\n    \n<div class=\"kksr-stars-active\" style=\"width: 0px;\">\n            <div class=\"kksr-star\" style=\"padding-right: 5px\">\n            \n\n<div class=\"kksr-icon\" style=\"width: 24px; height: 24px;\"><\/div>\n        <\/div>\n            <div class=\"kksr-star\" style=\"padding-right: 5px\">\n            \n\n<div class=\"kksr-icon\" style=\"width: 24px; height: 24px;\"><\/div>\n        <\/div>\n            <div class=\"kksr-star\" style=\"padding-right: 5px\">\n            \n\n<div class=\"kksr-icon\" style=\"width: 24px; height: 24px;\"><\/div>\n        <\/div>\n            <div class=\"kksr-star\" style=\"padding-right: 5px\">\n            \n\n<div class=\"kksr-icon\" style=\"width: 24px; height: 24px;\"><\/div>\n        <\/div>\n            <div class=\"kksr-star\" style=\"padding-right: 5px\">\n            \n\n<div class=\"kksr-icon\" style=\"width: 24px; height: 24px;\"><\/div>\n        <\/div>\n    <\/div>\n<\/div>\n                \n\n<div class=\"kksr-legend\" style=\"font-size: 19.2px;\">\n            <span class=\"kksr-muted\">Evalueaz\u0103 aceast\u0103 postare<\/span>\n    <\/div>\n    <\/div>\n<p>Le pantalon cargo est un v\u00e9ritable cam\u00e9l\u00e9on de la mode contemporaine. Avec sa popularit\u00e9 grandissante, cet \u00e9l\u00e9ment polyvalent peut \u00eatre int\u00e9gral \u00e0 votre garde-robe professionnelle. Dans cet article, nous allons explorer comment apporter une touche \u00e9l\u00e9gante tout en restant confortable lors de vos journ\u00e9es au bureau. Nous allons d\u00e9cortiquer les diff\u00e9rents aspects du pantalon cargo, des mati\u00e8res \u00e0 choisir aux meilleures fa\u00e7ons de l&rsquo;accessoiriser, afin que vous puissiez vous sentir \u00e0 la fois styl\u00e9 et \u00e0 l&rsquo;aise. Pr\u00e9parez-vous \u00e0 r\u00e9inventer cette pi\u00e8ce embl\u00e9matique de mani\u00e8re raffin\u00e9e et appropri\u00e9e pour le monde du travail.<\/p>\n<p>Avant de vous lancer dans le choix du pantalon cargo id\u00e9al, il est essentiel de comprendre les diff\u00e9rentes options qui s&rsquo;offrent \u00e0 vous. La s\u00e9lection d\u2019un pantalon cargo ne se limite pas seulement \u00e0 sa couleur ou \u00e0 sa taille. Vous devez \u00e9galement prendre en compte sa coupe, son style et la mani\u00e8re dont il s\u2019associe avec les autres \u00e9l\u00e9ments de votre tenue. Voici quelques crit\u00e8res importants pour orienter votre choix :<\/p>\n<ul>\n<li>Coupe et mati\u00e8r: Trouvez une coupe qui flatte votre silhouette tout en offrant un confort optimal.<\/li>\n<li>Style: Un pantalon cargo classique peut sembler trop d\u00e9contract\u00e9 ; optez pour un mod\u00e8le plus ajust\u00e9 et \u00e9l\u00e9gant.<\/li>\n<li>Confort: V\u00e9rifiez toujours que le pantalon ne soit ni trop serr\u00e9 ni trop large pour garantir votre aisance tout au long de la journ\u00e9e.<\/li>\n<\/ul>\n<h2>Choisir le bon pantalon cargo<\/h2>\n<p><img decoding=\"async\" alt=\"Un homme en chemise claire se tient dans un bureau moderne, regardant pensivement par la fen\u00eatre.\" src=\"https:\/\/enlightennext.de\/wp-content\/uploads\/2025\/02\/imageab1226a4a95f49b18f8f73537c755015.png\"\/><\/p>\n<p>Le choix du pantalon cargo est crucial pour un look de bureau r\u00e9ussi. Pour cela, \u00e9tablissons quelques recommandations pratiques pour vous guider dans votre s\u00e9lection. En termes de mati\u00e8res, il est pr\u00e9f\u00e9rable d&rsquo;opter pour des tissus qui allient durabilit\u00e9 et style. Privil\u00e9giez des mat\u00e9riaux comme le coton et le lin, r\u00e9put\u00e9s pour leur confort.<\/p>\n<h3>Les mati\u00e8res \u00e0 privil\u00e9gier<\/h3>\n<p>Voici une liste des meilleures mati\u00e8res \u00e0 consid\u00e9rer :<\/p>\n<ul>\n<li>Coton : Confortable et respirant, id\u00e9al pour le bureau.<\/li>\n<li>Lin : Refroidit lors des journ\u00e9es chaudes et a une allure chic.<\/li>\n<li>M\u00e9langes techniques : Offrent la flexibilit\u00e9 avec une touche \u00e9l\u00e9gante.<\/li>\n<\/ul>\n<h3>Les couleurs tendance<\/h3>\n<p>Quant aux couleurs, privil\u00e9giez celles qui se fondent dans un environnement professionnel. Voici les teintes \u00e0 privil\u00e9gier :<\/p>\n<ul>\n<li>Noir : Intemporel et toujours \u00e9l\u00e9gant.<\/li>\n<li>Gris : Une alternative classique qui s\u2019adapte \u00e0 de nombreuses tenues.<\/li>\n<li>Beige : Parfait pour les journ\u00e9es ensoleill\u00e9es tout en restant professionnel.<\/li>\n<\/ul>\n<table border=\"1\">\n<tr>\n<th>Culoare<\/th>\n<th>Beneficii<\/th>\n<th>Associations recommand\u00e9es<\/th>\n<\/tr>\n<tr>\n<td>Negru<\/td>\n<td>Polyvalence<\/td>\n<td>Blouses color\u00e9es ou blazers<\/td>\n<\/tr>\n<tr>\n<td>Gri<\/td>\n<td>Chic et moderne<\/td>\n<td>T-shirts basiques ou chemises \u00e9l\u00e9gantes<\/td>\n<\/tr>\n<tr>\n<td>Bej<\/td>\n<td>\u00c9claircit le look<\/td>\n<td>Cardigans ou tops en lin<\/td>\n<\/tr>\n<\/table>\n<h2>Comment accessoriser votre pantalon cargo<\/h2>\n<p><img decoding=\"async\" alt=\"Une femme debout souriante devant une table de r\u00e9union avec d'autres femmes discutant autour d'elle.\" src=\"https:\/\/enlightennext.de\/wp-content\/uploads\/2025\/02\/image56706a21034243eda7a382acff1488e5.png\"\/><\/p>\n<p>Pour transformer votre pantalon cargo en une tenue de bureau sophistiqu\u00e9e, il est important de bien choisir vos accessoires. En premier lieu, un blazer bien coup\u00e9 peut instantan\u00e9ment \u00e9lever votre look. En choisissant la bonne coupe, vous cr\u00e9erez un contraste parfait entre le style d\u00e9contract\u00e9 du pantalon et l&rsquo;\u00e9l\u00e9gance du blazer. N&rsquo;oubliez pas que le choisir en fonction de votre silhouette est essentiel.<\/p>\n<h3>Ajoutez un blazer<\/h3>\n<p>Les blazers peuvent varier en style et en couleur. Voici quelques recommandations :<\/p>\n<ul>\n<li>Blazers ajust\u00e9s pour un look sophistiqu\u00e9.<\/li>\n<li>Options de couleurs neutres pour mieux correspondre \u00e0 votre pantalon cargo.<\/li>\n<li>Textures vari\u00e9es, de la laine au polyester, selon la saison.<\/li>\n<\/ul>\n<h3>Optez pour des chaussures \u00e9l\u00e9gantes<\/h3>\n<p>Les chaussures peuvent faire ou d\u00e9faire votre tenue. Voici quelques types de chaussures qui s&rsquo;accorderont parfaitement avec le pantalon cargo :<\/p>\n<ul>\n<li>Escarpins : Pour un look formel et chic.<\/li>\n<li>Mocassins : Pour le confort tout en restant \u00e9l\u00e9gant.<\/li>\n<li>Bottines en cuir : Un choix tendance pour l\u2019automne-hiver.<\/li>\n<\/ul>\n<h2>Concluzie<\/h2>\n<p>En somme, le pantalon cargo offre une alternative attractive et fonctionnelle pour votre garde-robe de bureau. Avec un peu de cr\u00e9ativit\u00e9 et les bons accessoires, ce v\u00eatement peut facilement passer d\u2019un style d\u00e9contract\u00e9 \u00e0 un look professionnel. Que vous choisissiez un blazer chic ou des chaussures soign\u00e9es, n\u2019oubliez pas que le secret est d\u2019\u00e9quilibrer le confort et l\u2019\u00e9l\u00e9gance. N\u2019h\u00e9sitez pas \u00e0 exp\u00e9rimenter avec diff\u00e9rents styles pour d\u00e9couvrir ce qui vous convient le mieux et ce qui respecte les codes de votre environnement de travail.<\/p>\n<h2>\u00centreb\u0103ri frecvente<\/h2>\n<ul>\n<li><strong>Le pantalon cargo est-il appropri\u00e9 pour tous les bureaux?<\/strong> Oui, tant qu&rsquo;il est bien assorti avec des pi\u00e8ces plus formelles.<\/li>\n<li><strong>Quelles chaussures porter avec un pantalon cargo?<\/strong> Des escarpins, des mocassins ou des chaussures en cuir raffin\u00e9 sont recommand\u00e9s.<\/li>\n<li><strong>Puis-je porter un pantalon cargo \u00e0 une r\u00e9union?<\/strong> Oui, \u00e0 condition de l\u2019associer avec une blouse \u00e9l\u00e9gante et un blazer.<\/li>\n<li><strong>Comment choisir la taille id\u00e9ale pour un pantalon cargo?<\/strong> Veillez \u00e0 ce qu&rsquo;il soit ajust\u00e9 \u00e0 la taille sans \u00eatre trop serr\u00e9. Prenez en compte la coupe pour \u00e9viter un look trop d\u00e9contract\u00e9.<\/li>\n<li><strong>Les pantalons cargo sont-ils \u00e0 la mode en ce moment?<\/strong> Oui, ils ont fait un grand retour et peuvent \u00eatre stylis\u00e9s de mani\u00e8re moderne pour le bureau.<\/li>\n<\/ul>","protected":false},"excerpt":{"rendered":"<p>Le pantalon cargo est un v\u00e9ritable cam\u00e9l\u00e9on de la mode contemporaine. Avec sa popularit\u00e9 grandissante, cet \u00e9l\u00e9ment polyvalent peut \u00eatre int\u00e9gral \u00e0 votre garde-robe&#46;&#46;&#46;<\/p>","protected":false},"author":1,"featured_media":89,"comment_status":"open","ping_status":"open","sticky":false,"template":"","format":"standard","meta":{"_acf_changed":false,"footnotes":""},"categories":[1],"tags":[],"class_list":["post-96","post","type-post","status-publish","format-standard","has-post-thumbnail","hentry","category-blog"],"acf":[],"yoast_head":"<!-- This site is optimized with the Yoast SEO plugin v23.2 - https:\/\/yoast.com\/wordpress\/plugins\/seo\/ -->\n<title>Id\u00e9es de Tenues: Comment Int\u00e9grer le Pantalon Cargo au Bureau avec \u00c9l\u00e9gance<\/title>\n<meta name=\"description\" content=\"D\u00e9couvrez comment porter le pantalon cargo au bureau avec style et confort. Conseils sur les mati\u00e8res, styles et accessoires tendance.\" \/>\n<meta name=\"robots\" content=\"index, follow, max-snippet:-1, max-image-preview:large, max-video-preview:-1\" \/>\n<link rel=\"canonical\" href=\"https:\/\/enlightennext.de\/ro\/idees-de-tenues-comment-porter-le-pantalon-cargo-au-bureau\/\" \/>\n<meta property=\"og:locale\" content=\"ro_RO\" \/>\n<meta property=\"og:type\" content=\"article\" \/>\n<meta property=\"og:title\" content=\"Id\u00e9es de Tenues: Comment Int\u00e9grer le Pantalon Cargo au Bureau avec \u00c9l\u00e9gance\" \/>\n<meta property=\"og:description\" content=\"D\u00e9couvrez comment porter le pantalon cargo au bureau avec style et confort. Conseils sur les mati\u00e8res, styles et accessoires tendance.\" \/>\n<meta property=\"og:url\" content=\"https:\/\/enlightennext.de\/ro\/idees-de-tenues-comment-porter-le-pantalon-cargo-au-bureau\/\" \/>\n<meta property=\"og:site_name\" content=\"enlightennext.de\" \/>\n<meta property=\"article:published_time\" content=\"2025-02-20T00:00:00+00:00\" \/>\n<meta property=\"og:image\" content=\"https:\/\/enlightennext.de\/wp-content\/uploads\/2025\/02\/imagef3360414f0bb40a3a8f317d8a56ddb2c.png\" \/>\n\t<meta property=\"og:image:width\" content=\"1024\" \/>\n\t<meta property=\"og:image:height\" content=\"768\" \/>\n\t<meta property=\"og:image:type\" content=\"image\/png\" \/>\n<meta name=\"author\" content=\"\u00c9va Morel\" \/>\n<meta name=\"twitter:card\" content=\"summary_large_image\" \/>\n<meta name=\"twitter:label1\" content=\"Scris de\" \/>\n\t<meta name=\"twitter:data1\" content=\"\u00c9va Morel\" \/>\n\t<meta name=\"twitter:label2\" content=\"Timp estimat pentru citire\" \/>\n\t<meta name=\"twitter:data2\" content=\"4 minute\" \/>\n<script type=\"application\/ld+json\" class=\"yoast-schema-graph\">{\"@context\":\"https:\/\/schema.org\",\"@graph\":[{\"@type\":\"WebPage\",\"@id\":\"https:\/\/enlightennext.de\/idees-de-tenues-comment-porter-le-pantalon-cargo-au-bureau\/\",\"url\":\"https:\/\/enlightennext.de\/idees-de-tenues-comment-porter-le-pantalon-cargo-au-bureau\/\",\"name\":\"Id\u00e9es de Tenues: Comment Int\u00e9grer le Pantalon Cargo au Bureau avec \u00c9l\u00e9gance\",\"isPartOf\":{\"@id\":\"https:\/\/enlightennext.de\/#website\"},\"primaryImageOfPage\":{\"@id\":\"https:\/\/enlightennext.de\/idees-de-tenues-comment-porter-le-pantalon-cargo-au-bureau\/#primaryimage\"},\"image\":{\"@id\":\"https:\/\/enlightennext.de\/idees-de-tenues-comment-porter-le-pantalon-cargo-au-bureau\/#primaryimage\"},\"thumbnailUrl\":\"https:\/\/enlightennext.de\/wp-content\/uploads\/2025\/02\/imagef3360414f0bb40a3a8f317d8a56ddb2c.png\",\"datePublished\":\"2025-02-20T00:00:00+00:00\",\"dateModified\":\"2025-02-20T00:00:00+00:00\",\"author\":{\"@id\":\"https:\/\/enlightennext.de\/#\/schema\/person\/6ea62a9f0cec1fbef503222ec19f4e12\"},\"description\":\"D\u00e9couvrez comment porter le pantalon cargo au bureau avec style et confort. Conseils sur les mati\u00e8res, styles et accessoires tendance.\",\"breadcrumb\":{\"@id\":\"https:\/\/enlightennext.de\/idees-de-tenues-comment-porter-le-pantalon-cargo-au-bureau\/#breadcrumb\"},\"inLanguage\":\"ro-RO\",\"potentialAction\":[{\"@type\":\"ReadAction\",\"target\":[\"https:\/\/enlightennext.de\/idees-de-tenues-comment-porter-le-pantalon-cargo-au-bureau\/\"]}]},{\"@type\":\"ImageObject\",\"inLanguage\":\"ro-RO\",\"@id\":\"https:\/\/enlightennext.de\/idees-de-tenues-comment-porter-le-pantalon-cargo-au-bureau\/#primaryimage\",\"url\":\"https:\/\/enlightennext.de\/wp-content\/uploads\/2025\/02\/imagef3360414f0bb40a3a8f317d8a56ddb2c.png\",\"contentUrl\":\"https:\/\/enlightennext.de\/wp-content\/uploads\/2025\/02\/imagef3360414f0bb40a3a8f317d8a56ddb2c.png\",\"width\":1024,\"height\":768},{\"@type\":\"BreadcrumbList\",\"@id\":\"https:\/\/enlightennext.de\/idees-de-tenues-comment-porter-le-pantalon-cargo-au-bureau\/#breadcrumb\",\"itemListElement\":[{\"@type\":\"ListItem\",\"position\":1,\"name\":\"Home\",\"item\":\"https:\/\/enlightennext.de\/\"},{\"@type\":\"ListItem\",\"position\":2,\"name\":\"Id\u00e9es de tenues: Comment porter le pantalon cargo au bureau\"}]},{\"@type\":\"WebSite\",\"@id\":\"https:\/\/enlightennext.de\/#website\",\"url\":\"https:\/\/enlightennext.de\/\",\"name\":\"enlightennext.de\",\"description\":\"Secrets de Style: D\u00e9couvrez comment cr\u00e9er des tenues harmonieuses et modernes\",\"potentialAction\":[{\"@type\":\"SearchAction\",\"target\":{\"@type\":\"EntryPoint\",\"urlTemplate\":\"https:\/\/enlightennext.de\/?s={search_term_string}\"},\"query-input\":\"required name=search_term_string\"}],\"inLanguage\":\"ro-RO\"},{\"@type\":\"Person\",\"@id\":\"https:\/\/enlightennext.de\/#\/schema\/person\/6ea62a9f0cec1fbef503222ec19f4e12\",\"name\":\"\u00c9va Morel\",\"image\":{\"@type\":\"ImageObject\",\"inLanguage\":\"ro-RO\",\"@id\":\"https:\/\/enlightennext.de\/#\/schema\/person\/image\/\",\"url\":\"https:\/\/enlightennext.de\/wp-content\/uploads\/2025\/02\/zorllnzxod4_ad_avatar-96x96.jpg\",\"contentUrl\":\"https:\/\/enlightennext.de\/wp-content\/uploads\/2025\/02\/zorllnzxod4_ad_avatar-96x96.jpg\",\"caption\":\"\u00c9va Morel\"},\"description\":\"Je m\u2019appelle \u00c9va Morel, styliste et r\u00e9dactrice mode passionn\u00e9e, originaire de Bordeaux. J\u2019accompagne chacun \u00e0 affirmer son style avec des pi\u00e8ces r\u00e9fl\u00e9chies et authentiques. Mon objectif ? Inspirer une mode responsable et personnalis\u00e9e, o\u00f9 chaque tenue refl\u00e8te la singularit\u00e9 de celui ou celle qui la porte.\",\"url\":\"https:\/\/enlightennext.de\/ro\/author\/eva-morel\/\"}]}<\/script>\n<!-- \/ Yoast SEO plugin. -->","yoast_head_json":{"title":"Id\u00e9es de Tenues: Comment Int\u00e9grer le Pantalon Cargo au Bureau avec \u00c9l\u00e9gance","description":"D\u00e9couvrez comment porter le pantalon cargo au bureau avec style et confort. Conseils sur les mati\u00e8res, styles et accessoires tendance.","robots":{"index":"index","follow":"follow","max-snippet":"max-snippet:-1","max-image-preview":"max-image-preview:large","max-video-preview":"max-video-preview:-1"},"canonical":"https:\/\/enlightennext.de\/ro\/idees-de-tenues-comment-porter-le-pantalon-cargo-au-bureau\/","og_locale":"ro_RO","og_type":"article","og_title":"Id\u00e9es de Tenues: Comment Int\u00e9grer le Pantalon Cargo au Bureau avec \u00c9l\u00e9gance","og_description":"D\u00e9couvrez comment porter le pantalon cargo au bureau avec style et confort. Conseils sur les mati\u00e8res, styles et accessoires tendance.","og_url":"https:\/\/enlightennext.de\/ro\/idees-de-tenues-comment-porter-le-pantalon-cargo-au-bureau\/","og_site_name":"enlightennext.de","article_published_time":"2025-02-20T00:00:00+00:00","og_image":[{"width":1024,"height":768,"url":"https:\/\/enlightennext.de\/wp-content\/uploads\/2025\/02\/imagef3360414f0bb40a3a8f317d8a56ddb2c.png","type":"image\/png"}],"author":"\u00c9va Morel","twitter_card":"summary_large_image","twitter_misc":{"Scris de":"\u00c9va Morel","Timp estimat pentru citire":"4 minute"},"schema":{"@context":"https:\/\/schema.org","@graph":[{"@type":"WebPage","@id":"https:\/\/enlightennext.de\/idees-de-tenues-comment-porter-le-pantalon-cargo-au-bureau\/","url":"https:\/\/enlightennext.de\/idees-de-tenues-comment-porter-le-pantalon-cargo-au-bureau\/","name":"Id\u00e9es de Tenues: Comment Int\u00e9grer le Pantalon Cargo au Bureau avec \u00c9l\u00e9gance","isPartOf":{"@id":"https:\/\/enlightennext.de\/#website"},"primaryImageOfPage":{"@id":"https:\/\/enlightennext.de\/idees-de-tenues-comment-porter-le-pantalon-cargo-au-bureau\/#primaryimage"},"image":{"@id":"https:\/\/enlightennext.de\/idees-de-tenues-comment-porter-le-pantalon-cargo-au-bureau\/#primaryimage"},"thumbnailUrl":"https:\/\/enlightennext.de\/wp-content\/uploads\/2025\/02\/imagef3360414f0bb40a3a8f317d8a56ddb2c.png","datePublished":"2025-02-20T00:00:00+00:00","dateModified":"2025-02-20T00:00:00+00:00","author":{"@id":"https:\/\/enlightennext.de\/#\/schema\/person\/6ea62a9f0cec1fbef503222ec19f4e12"},"description":"D\u00e9couvrez comment porter le pantalon cargo au bureau avec style et confort. Conseils sur les mati\u00e8res, styles et accessoires tendance.","breadcrumb":{"@id":"https:\/\/enlightennext.de\/idees-de-tenues-comment-porter-le-pantalon-cargo-au-bureau\/#breadcrumb"},"inLanguage":"ro-RO","potentialAction":[{"@type":"ReadAction","target":["https:\/\/enlightennext.de\/idees-de-tenues-comment-porter-le-pantalon-cargo-au-bureau\/"]}]},{"@type":"ImageObject","inLanguage":"ro-RO","@id":"https:\/\/enlightennext.de\/idees-de-tenues-comment-porter-le-pantalon-cargo-au-bureau\/#primaryimage","url":"https:\/\/enlightennext.de\/wp-content\/uploads\/2025\/02\/imagef3360414f0bb40a3a8f317d8a56ddb2c.png","contentUrl":"https:\/\/enlightennext.de\/wp-content\/uploads\/2025\/02\/imagef3360414f0bb40a3a8f317d8a56ddb2c.png","width":1024,"height":768},{"@type":"BreadcrumbList","@id":"https:\/\/enlightennext.de\/idees-de-tenues-comment-porter-le-pantalon-cargo-au-bureau\/#breadcrumb","itemListElement":[{"@type":"ListItem","position":1,"name":"Home","item":"https:\/\/enlightennext.de\/"},{"@type":"ListItem","position":2,"name":"Id\u00e9es de tenues: Comment porter le pantalon cargo au bureau"}]},{"@type":"WebSite","@id":"https:\/\/enlightennext.de\/#website","url":"https:\/\/enlightennext.de\/","name":"enlightennext.de","description":"Secrets de Style: D\u00e9couvrez comment cr\u00e9er des tenues harmonieuses et modernes","potentialAction":[{"@type":"SearchAction","target":{"@type":"EntryPoint","urlTemplate":"https:\/\/enlightennext.de\/?s={search_term_string}"},"query-input":"required name=search_term_string"}],"inLanguage":"ro-RO"},{"@type":"Person","@id":"https:\/\/enlightennext.de\/#\/schema\/person\/6ea62a9f0cec1fbef503222ec19f4e12","name":"\u00c9va Morel","image":{"@type":"ImageObject","inLanguage":"ro-RO","@id":"https:\/\/enlightennext.de\/#\/schema\/person\/image\/","url":"https:\/\/enlightennext.de\/wp-content\/uploads\/2025\/02\/zorllnzxod4_ad_avatar-96x96.jpg","contentUrl":"https:\/\/enlightennext.de\/wp-content\/uploads\/2025\/02\/zorllnzxod4_ad_avatar-96x96.jpg","caption":"\u00c9va Morel"},"description":"Je m\u2019appelle \u00c9va Morel, styliste et r\u00e9dactrice mode passionn\u00e9e, originaire de Bordeaux. J\u2019accompagne chacun \u00e0 affirmer son style avec des pi\u00e8ces r\u00e9fl\u00e9chies et authentiques. Mon objectif ? Inspirer une mode responsable et personnalis\u00e9e, o\u00f9 chaque tenue refl\u00e8te la singularit\u00e9 de celui ou celle qui la porte.","url":"https:\/\/enlightennext.de\/ro\/author\/eva-morel\/"}]}},"yoast_meta":{"yoast_wpseo_title":"","yoast_wpseo_metadesc":"","yoast_wpseo_canonical":"https:\/\/enlightennext.de\/ro\/wp-json\/wp\/v2\/posts\/96"},"_links":{"self":[{"href":"https:\/\/enlightennext.de\/ro\/wp-json\/wp\/v2\/posts\/96","targetHints":{"allow":["GET"]}}],"collection":[{"href":"https:\/\/enlightennext.de\/ro\/wp-json\/wp\/v2\/posts"}],"about":[{"href":"https:\/\/enlightennext.de\/ro\/wp-json\/wp\/v2\/types\/post"}],"author":[{"embeddable":true,"href":"https:\/\/enlightennext.de\/ro\/wp-json\/wp\/v2\/users\/1"}],"replies":[{"embeddable":true,"href":"https:\/\/enlightennext.de\/ro\/wp-json\/wp\/v2\/comments?post=96"}],"version-history":[{"count":1,"href":"https:\/\/enlightennext.de\/ro\/wp-json\/wp\/v2\/posts\/96\/revisions"}],"predecessor-version":[{"id":104,"href":"https:\/\/enlightennext.de\/ro\/wp-json\/wp\/v2\/posts\/96\/revisions\/104"}],"wp:featuredmedia":[{"embeddable":true,"href":"https:\/\/enlightennext.de\/ro\/wp-json\/wp\/v2\/media\/89"}],"wp:attachment":[{"href":"https:\/\/enlightennext.de\/ro\/wp-json\/wp\/v2\/media?parent=96"}],"wp:term":[{"taxonomy":"category","embeddable":true,"href":"https:\/\/enlightennext.de\/ro\/wp-json\/wp\/v2\/categories?post=96"},{"taxonomy":"post_tag","embeddable":true,"href":"https:\/\/enlightennext.de\/ro\/wp-json\/wp\/v2\/tags?post=96"}],"curies":[{"name":"wp","href":"https:\/\/api.w.org\/{rel}","templated":true}]}}