{"id":21,"date":"2025-01-24T00:00:00","date_gmt":"2025-01-24T00:00:00","guid":{"rendered":"https:\/\/enlightennext.de\/?p=21"},"modified":"2025-02-07T14:22:26","modified_gmt":"2025-02-07T14:22:26","slug":"les-secrets-dun-style-personnel-reussi-entre-mode-et-creativite","status":"publish","type":"post","link":"https:\/\/enlightennext.de\/ro\/les-secrets-dun-style-personnel-reussi-entre-mode-et-creativite\/","title":{"rendered":"Secretele unui stil personal de succes: \u00centre mod\u0103 \u0219i creativitate"},"content":{"rendered":"<div class=\"kk-star-ratings kksr-auto kksr-align-left kksr-valign-top\"\n    data-payload='{&quot;align&quot;:&quot;left&quot;,&quot;id&quot;:&quot;21&quot;,&quot;slug&quot;:&quot;default&quot;,&quot;valign&quot;:&quot;top&quot;,&quot;ignore&quot;:&quot;&quot;,&quot;reference&quot;:&quot;auto&quot;,&quot;class&quot;:&quot;&quot;,&quot;count&quot;:&quot;0&quot;,&quot;legendonly&quot;:&quot;&quot;,&quot;readonly&quot;:&quot;&quot;,&quot;score&quot;:&quot;0&quot;,&quot;starsonly&quot;:&quot;&quot;,&quot;best&quot;:&quot;5&quot;,&quot;gap&quot;:&quot;5&quot;,&quot;greet&quot;:&quot;Rate this post&quot;,&quot;legend&quot;:&quot;0\\\/5 - (0 votes)&quot;,&quot;size&quot;:&quot;24&quot;,&quot;title&quot;:&quot;Les secrets d\\u0026#039;un style personnel r\u00e9ussi: Entre mode et cr\u00e9ativit\u00e9&quot;,&quot;width&quot;:&quot;0&quot;,&quot;_legend&quot;:&quot;{score}\\\/{best} - ({count} {votes})&quot;,&quot;font_factor&quot;:&quot;1.25&quot;}'>\n            \n<div class=\"kksr-stars\">\n    \n<div class=\"kksr-stars-inactive\">\n            <div class=\"kksr-star\" data-star=\"1\" style=\"padding-right: 5px\">\n            \n\n<div class=\"kksr-icon\" style=\"width: 24px; height: 24px;\"><\/div>\n        <\/div>\n            <div class=\"kksr-star\" data-star=\"2\" style=\"padding-right: 5px\">\n            \n\n<div class=\"kksr-icon\" style=\"width: 24px; height: 24px;\"><\/div>\n        <\/div>\n            <div class=\"kksr-star\" data-star=\"3\" style=\"padding-right: 5px\">\n            \n\n<div class=\"kksr-icon\" style=\"width: 24px; height: 24px;\"><\/div>\n        <\/div>\n            <div class=\"kksr-star\" data-star=\"4\" style=\"padding-right: 5px\">\n            \n\n<div class=\"kksr-icon\" style=\"width: 24px; height: 24px;\"><\/div>\n        <\/div>\n            <div class=\"kksr-star\" data-star=\"5\" style=\"padding-right: 5px\">\n            \n\n<div class=\"kksr-icon\" style=\"width: 24px; height: 24px;\"><\/div>\n        <\/div>\n    <\/div>\n    \n<div class=\"kksr-stars-active\" style=\"width: 0px;\">\n            <div class=\"kksr-star\" style=\"padding-right: 5px\">\n            \n\n<div class=\"kksr-icon\" style=\"width: 24px; height: 24px;\"><\/div>\n        <\/div>\n            <div class=\"kksr-star\" style=\"padding-right: 5px\">\n            \n\n<div class=\"kksr-icon\" style=\"width: 24px; height: 24px;\"><\/div>\n        <\/div>\n            <div class=\"kksr-star\" style=\"padding-right: 5px\">\n            \n\n<div class=\"kksr-icon\" style=\"width: 24px; height: 24px;\"><\/div>\n        <\/div>\n            <div class=\"kksr-star\" style=\"padding-right: 5px\">\n            \n\n<div class=\"kksr-icon\" style=\"width: 24px; height: 24px;\"><\/div>\n        <\/div>\n            <div class=\"kksr-star\" style=\"padding-right: 5px\">\n            \n\n<div class=\"kksr-icon\" style=\"width: 24px; height: 24px;\"><\/div>\n        <\/div>\n    <\/div>\n<\/div>\n                \n\n<div class=\"kksr-legend\" style=\"font-size: 19.2px;\">\n            <span class=\"kksr-muted\">Evalueaz\u0103 aceast\u0103 postare<\/span>\n    <\/div>\n    <\/div>\n<p>\u00cen lumea agitat\u0103 a modei, fiecare individ aspir\u0103 s\u0103-\u0219i exprime identitatea prin stilul vestimentar. Totu\u0219i, nu se limiteaz\u0103 doar la purtarea de haine de firm\u0103 sau la urmarea celor mai recente tendin\u021be. Stilul personal de succes const\u0103 \u00een capacitatea de a \u00eembina autenticitatea cu creativitatea \u00eendr\u0103znea\u021b\u0103. \u00cen acest articol, vom explora diferitele aspecte care contribuie la crearea unui look unic, cum s\u0103 \u00eencorporezi elemente de mod\u0103 contemporan\u0103, r\u0103m\u00e2n\u00e2nd \u00een acela\u0219i timp fidel\u0103 \u021bie \u00eensu\u021bi. C\u0103l\u0103rind acest val dintre mod\u0103 \u0219i creativitate, este posibil s\u0103 creezi o imagine colorat\u0103 \u0219i autentic\u0103 a ta ca persoan\u0103.<\/p>\n<h2>\u00cen\u021belegerea personalit\u0103\u021bii tale stilistice<\/h2>\n<p><img decoding=\"async\" alt=\"Une s\u00e9lection d'accessoires en cuir et de bijoux \u00e9l\u00e9gants dispos\u00e9s sur un tissu beige, incluant des sacs, colliers et chaussures.\" src=\"https:\/\/enlightennext.de\/wp-content\/uploads\/2025\/01\/imagecb19ebad74444b8cabefaadff68f1840.png\"\/><\/p>\n<p>Este esen\u021bial s\u0103 \u00eencepi cu introspec\u021bia pentru a \u00een\u021belege pe deplin ce define\u0219te stilul t\u0103u personal. Cine e\u0219ti cu adev\u0103rat \u0219i cum se reflect\u0103 asta \u00een felul \u00een care te \u00eembraci? A pune \u00eentreb\u0103ri despre tine te poate ajuta s\u0103 descoperi elemente cheie care \u00ee\u021bi modeleaz\u0103 alegerile vestimentare. \u00cen continuare, este important s\u0103 v\u0103 identifica\u021bi influen\u021bele. Aceasta poate proveni din:<\/p>\n<ul>\n<li>Culturi diferite care te inspir\u0103.<\/li>\n<li>Arti\u0219ti al c\u0103ror stil te atinge \u00een mod deosebit.<\/li>\n<li>Faze istorice ale modei care s\u0103 corespund\u0103 gusturilor tale.<\/li>\n<\/ul>\n<p>Lu\u00e2nd \u00een considerare ace\u0219ti factori, vei putea s\u0103-\u021bi \u00een\u021belegi mai bine personalitatea \u0219i s\u0103-\u021bi define\u0219ti un stil care s\u0103 te reprezinte cu adev\u0103rat. Stilul personal este o modalitate de a-\u021bi afirma valorile \u0219i gusturile, fiind \u00een acela\u0219i timp deschis la noile tendin\u021be. Pentru a face acest lucru, este imperativ s\u0103 investe\u0219ti timp \u00een analizarea preferin\u021belor tale, p\u0103str\u00e2nd \u00een acela\u0219i timp o minte curioas\u0103 cu privire la ceea ce se \u00eent\u00e2mpl\u0103 \u00een jurul t\u0103u.<\/p>\n<h2>Bazele modei<\/h2>\n<p><img decoding=\"async\" alt=\"Un groupe de huit jeunes adultes souriant, habill\u00e9s en \u00e9t\u00e9, dans un parc, entour\u00e9s d'arbres et de tables en bois.\" src=\"https:\/\/enlightennext.de\/wp-content\/uploads\/2025\/01\/imagee54fd28eee484355bd0cc3217e267fae.png\"\/><\/p>\n<p>\u00cenainte de a intra \u00een lumea creativit\u0103\u021bii, este crucial s\u0103 punem o baz\u0103 solid\u0103. \u00cencepe cu st\u0103p\u00e2nirea elementelor esen\u021biale ale garderobei tale. O garderob\u0103 bine organizat\u0103 este cheia cre\u0103rii unor \u021binute variate \u0219i inspirate. Iat\u0103 c\u00e2teva piese esen\u021biale de integrat:<\/p>\n<ul>\n<li>Piese de baz\u0103 atemporale, cum ar fi o pereche bun\u0103 de blugi sau o rochie neagr\u0103 scurt\u0103.<\/li>\n<li>Articole la mod\u0103 care reflect\u0103 spiritul vremii.<\/li>\n<li>Accesorii unice care adaug\u0103 caracter oric\u0103rei \u021binute.<\/li>\n<\/ul>\n<p>Aceste elemente \u00ee\u021bi ofer\u0103 un fundal pe care po\u021bi picta \u00een culori creative. O garderob\u0103 func\u021bional\u0103 \u00ee\u021bi permite, de asemenea, s\u0103 te distrezi cu moda. A\u0219adar, \u00eendr\u0103zne\u0219te s\u0103 \u00eencerci diferite stiluri, joac\u0103-te cu croieli \u0219i materiale p\u00e2n\u0103 g\u0103se\u0219ti ceea ce \u021bi se potrive\u0219te frumos. Fiecare pies\u0103 din garderoba ta ar trebui aleas\u0103 cu grij\u0103 pentru a spune povestea ta.<\/p>\n<h2>Creeaz\u0103 un aspect personal<\/h2>\n<p>Odat\u0103 ce ai o baz\u0103 solid\u0103, e timpul s\u0103-\u021bi construie\u0219ti propriul look. Unul dintre secretele unui stil unic este capacitatea de a combina diferite genuri. Uneori, cele mai interesante stiluri se nasc dintr-o combina\u021bie nea\u0219teptat\u0103. De exemplu, a\u021bi putea lua \u00een considerare combinarea elementelor clasice cu atingeri moderne.<\/p>\n<table border=\"1\">\n<tr>\n<th>Stil<\/th>\n<th>Exemplu<\/th>\n<\/tr>\n<tr>\n<td>Clasic<\/td>\n<td>O jachet\u0103 din tweed cu un tricou grafic<\/td>\n<\/tr>\n<tr>\n<td>Sportiv<\/td>\n<td>O \u021binut\u0103 de jogging asortat\u0103 cu tocuri<\/td>\n<\/tr>\n<tr>\n<td>Vintage<\/td>\n<td>O rochie retro cu accesorii moderne<\/td>\n<\/tr>\n<\/table>\n<p>Acest amestec poate da na\u0219tere unor combina\u021bii unice care vorbesc despre personalitatea ta. Nu v\u0103 fie team\u0103 s\u0103 experimenta\u021bi cu aspectul vestimentar; Cel mai important lucru este c\u0103 aceste seturi te fac s\u0103 te sim\u021bi bine. Originalitatea ar trebui s\u0103 fie \u00eentotdeauna mai important\u0103 dec\u00e2t conformismul. Juc\u00e2ndu-te cu stiluri diferite \u0219i ad\u0103ug\u00e2nd elemente nea\u0219teptate, vei putea s\u0103-\u021bi afirmi personalitatea cu \u00eencredere.<\/p>\n<h2>Importan\u021ba accesoriilor<\/h2>\n<p>Accesoriile sunt adesea considerate ca fiind<\/p>","protected":false},"excerpt":{"rendered":"<p>\u00cen lumea agitat\u0103 a modei, fiecare individ aspir\u0103 s\u0103-\u0219i exprime identitatea prin stilul vestimentar. Totu\u0219i, nu se limiteaz\u0103 la...<\/p>","protected":false},"author":1,"featured_media":8,"comment_status":"open","ping_status":"open","sticky":false,"template":"","format":"standard","meta":{"_acf_changed":false,"footnotes":""},"categories":[1,2],"tags":[],"class_list":["post-21","post","type-post","status-publish","format-standard","has-post-thumbnail","hentry","category-blog","category-strategie-vestimentaire"],"acf":[],"yoast_head":"<!-- This site is optimized with the Yoast SEO plugin v23.2 - https:\/\/yoast.com\/wordpress\/plugins\/seo\/ -->\n<title>Les secrets d&#039;un style personnel r\u00e9ussi : Entre mode et cr\u00e9ativit\u00e9<\/title>\n<meta name=\"description\" content=\"D\u00e9couvrez comment affirmer votre style unique avec des conseils sur la mode, la cr\u00e9ativit\u00e9 et l&#039;importance des accessoires.\" \/>\n<meta name=\"robots\" content=\"index, follow, max-snippet:-1, max-image-preview:large, max-video-preview:-1\" \/>\n<link rel=\"canonical\" href=\"https:\/\/enlightennext.de\/ro\/les-secrets-dun-style-personnel-reussi-entre-mode-et-creativite\/\" \/>\n<meta property=\"og:locale\" content=\"ro_RO\" \/>\n<meta property=\"og:type\" content=\"article\" \/>\n<meta property=\"og:title\" content=\"Les secrets d&#039;un style personnel r\u00e9ussi : Entre mode et cr\u00e9ativit\u00e9\" \/>\n<meta property=\"og:description\" content=\"D\u00e9couvrez comment affirmer votre style unique avec des conseils sur la mode, la cr\u00e9ativit\u00e9 et l&#039;importance des accessoires.\" \/>\n<meta property=\"og:url\" content=\"https:\/\/enlightennext.de\/ro\/les-secrets-dun-style-personnel-reussi-entre-mode-et-creativite\/\" \/>\n<meta property=\"og:site_name\" content=\"enlightennext.de\" \/>\n<meta property=\"article:published_time\" content=\"2025-01-24T00:00:00+00:00\" \/>\n<meta property=\"article:modified_time\" content=\"2025-02-07T14:22:26+00:00\" \/>\n<meta property=\"og:image\" content=\"https:\/\/enlightennext.de\/wp-content\/uploads\/2025\/01\/image77756ffed05f48079eda83d5d3965f99.png\" \/>\n\t<meta property=\"og:image:width\" content=\"1024\" \/>\n\t<meta property=\"og:image:height\" content=\"768\" \/>\n\t<meta property=\"og:image:type\" content=\"image\/png\" \/>\n<meta name=\"author\" content=\"\u00c9va Morel\" \/>\n<meta name=\"twitter:card\" content=\"summary_large_image\" \/>\n<meta name=\"twitter:label1\" content=\"Scris de\" \/>\n\t<meta name=\"twitter:data1\" content=\"\u00c9va Morel\" \/>\n\t<meta name=\"twitter:label2\" content=\"Timp estimat pentru citire\" \/>\n\t<meta name=\"twitter:data2\" content=\"3 minute\" \/>\n<script type=\"application\/ld+json\" class=\"yoast-schema-graph\">{\"@context\":\"https:\/\/schema.org\",\"@graph\":[{\"@type\":\"WebPage\",\"@id\":\"https:\/\/enlightennext.de\/les-secrets-dun-style-personnel-reussi-entre-mode-et-creativite\/\",\"url\":\"https:\/\/enlightennext.de\/les-secrets-dun-style-personnel-reussi-entre-mode-et-creativite\/\",\"name\":\"Les secrets d'un style personnel r\u00e9ussi : Entre mode et cr\u00e9ativit\u00e9\",\"isPartOf\":{\"@id\":\"https:\/\/enlightennext.de\/#website\"},\"primaryImageOfPage\":{\"@id\":\"https:\/\/enlightennext.de\/les-secrets-dun-style-personnel-reussi-entre-mode-et-creativite\/#primaryimage\"},\"image\":{\"@id\":\"https:\/\/enlightennext.de\/les-secrets-dun-style-personnel-reussi-entre-mode-et-creativite\/#primaryimage\"},\"thumbnailUrl\":\"https:\/\/enlightennext.de\/wp-content\/uploads\/2025\/01\/image77756ffed05f48079eda83d5d3965f99.png\",\"datePublished\":\"2025-01-24T00:00:00+00:00\",\"dateModified\":\"2025-02-07T14:22:26+00:00\",\"author\":{\"@id\":\"https:\/\/enlightennext.de\/#\/schema\/person\/6ea62a9f0cec1fbef503222ec19f4e12\"},\"description\":\"D\u00e9couvrez comment affirmer votre style unique avec des conseils sur la mode, la cr\u00e9ativit\u00e9 et l'importance des accessoires.\",\"breadcrumb\":{\"@id\":\"https:\/\/enlightennext.de\/les-secrets-dun-style-personnel-reussi-entre-mode-et-creativite\/#breadcrumb\"},\"inLanguage\":\"ro-RO\",\"potentialAction\":[{\"@type\":\"ReadAction\",\"target\":[\"https:\/\/enlightennext.de\/les-secrets-dun-style-personnel-reussi-entre-mode-et-creativite\/\"]}]},{\"@type\":\"ImageObject\",\"inLanguage\":\"ro-RO\",\"@id\":\"https:\/\/enlightennext.de\/les-secrets-dun-style-personnel-reussi-entre-mode-et-creativite\/#primaryimage\",\"url\":\"https:\/\/enlightennext.de\/wp-content\/uploads\/2025\/01\/image77756ffed05f48079eda83d5d3965f99.png\",\"contentUrl\":\"https:\/\/enlightennext.de\/wp-content\/uploads\/2025\/01\/image77756ffed05f48079eda83d5d3965f99.png\",\"width\":1024,\"height\":768},{\"@type\":\"BreadcrumbList\",\"@id\":\"https:\/\/enlightennext.de\/les-secrets-dun-style-personnel-reussi-entre-mode-et-creativite\/#breadcrumb\",\"itemListElement\":[{\"@type\":\"ListItem\",\"position\":1,\"name\":\"Home\",\"item\":\"https:\/\/enlightennext.de\/\"},{\"@type\":\"ListItem\",\"position\":2,\"name\":\"Les secrets d&rsquo;un style personnel r\u00e9ussi: Entre mode et cr\u00e9ativit\u00e9\"}]},{\"@type\":\"WebSite\",\"@id\":\"https:\/\/enlightennext.de\/#website\",\"url\":\"https:\/\/enlightennext.de\/\",\"name\":\"enlightennext.de\",\"description\":\"Secrets de Style: D\u00e9couvrez comment cr\u00e9er des tenues harmonieuses et modernes\",\"potentialAction\":[{\"@type\":\"SearchAction\",\"target\":{\"@type\":\"EntryPoint\",\"urlTemplate\":\"https:\/\/enlightennext.de\/?s={search_term_string}\"},\"query-input\":\"required name=search_term_string\"}],\"inLanguage\":\"ro-RO\"},{\"@type\":\"Person\",\"@id\":\"https:\/\/enlightennext.de\/#\/schema\/person\/6ea62a9f0cec1fbef503222ec19f4e12\",\"name\":\"\u00c9va Morel\",\"image\":{\"@type\":\"ImageObject\",\"inLanguage\":\"ro-RO\",\"@id\":\"https:\/\/enlightennext.de\/#\/schema\/person\/image\/\",\"url\":\"https:\/\/enlightennext.de\/wp-content\/uploads\/2025\/02\/zorllnzxod4_ad_avatar-96x96.jpg\",\"contentUrl\":\"https:\/\/enlightennext.de\/wp-content\/uploads\/2025\/02\/zorllnzxod4_ad_avatar-96x96.jpg\",\"caption\":\"\u00c9va Morel\"},\"description\":\"Je m\u2019appelle \u00c9va Morel, styliste et r\u00e9dactrice mode passionn\u00e9e, originaire de Bordeaux. J\u2019accompagne chacun \u00e0 affirmer son style avec des pi\u00e8ces r\u00e9fl\u00e9chies et authentiques. Mon objectif ? Inspirer une mode responsable et personnalis\u00e9e, o\u00f9 chaque tenue refl\u00e8te la singularit\u00e9 de celui ou celle qui la porte.\",\"url\":\"https:\/\/enlightennext.de\/ro\/author\/eva-morel\/\"}]}<\/script>\n<!-- \/ Yoast SEO plugin. -->","yoast_head_json":{"title":"Les secrets d'un style personnel r\u00e9ussi : Entre mode et cr\u00e9ativit\u00e9","description":"D\u00e9couvrez comment affirmer votre style unique avec des conseils sur la mode, la cr\u00e9ativit\u00e9 et l'importance des accessoires.","robots":{"index":"index","follow":"follow","max-snippet":"max-snippet:-1","max-image-preview":"max-image-preview:large","max-video-preview":"max-video-preview:-1"},"canonical":"https:\/\/enlightennext.de\/ro\/les-secrets-dun-style-personnel-reussi-entre-mode-et-creativite\/","og_locale":"ro_RO","og_type":"article","og_title":"Les secrets d'un style personnel r\u00e9ussi : Entre mode et cr\u00e9ativit\u00e9","og_description":"D\u00e9couvrez comment affirmer votre style unique avec des conseils sur la mode, la cr\u00e9ativit\u00e9 et l'importance des accessoires.","og_url":"https:\/\/enlightennext.de\/ro\/les-secrets-dun-style-personnel-reussi-entre-mode-et-creativite\/","og_site_name":"enlightennext.de","article_published_time":"2025-01-24T00:00:00+00:00","article_modified_time":"2025-02-07T14:22:26+00:00","og_image":[{"width":1024,"height":768,"url":"https:\/\/enlightennext.de\/wp-content\/uploads\/2025\/01\/image77756ffed05f48079eda83d5d3965f99.png","type":"image\/png"}],"author":"\u00c9va Morel","twitter_card":"summary_large_image","twitter_misc":{"Scris de":"\u00c9va Morel","Timp estimat pentru citire":"3 minute"},"schema":{"@context":"https:\/\/schema.org","@graph":[{"@type":"WebPage","@id":"https:\/\/enlightennext.de\/les-secrets-dun-style-personnel-reussi-entre-mode-et-creativite\/","url":"https:\/\/enlightennext.de\/les-secrets-dun-style-personnel-reussi-entre-mode-et-creativite\/","name":"Les secrets d'un style personnel r\u00e9ussi : Entre mode et cr\u00e9ativit\u00e9","isPartOf":{"@id":"https:\/\/enlightennext.de\/#website"},"primaryImageOfPage":{"@id":"https:\/\/enlightennext.de\/les-secrets-dun-style-personnel-reussi-entre-mode-et-creativite\/#primaryimage"},"image":{"@id":"https:\/\/enlightennext.de\/les-secrets-dun-style-personnel-reussi-entre-mode-et-creativite\/#primaryimage"},"thumbnailUrl":"https:\/\/enlightennext.de\/wp-content\/uploads\/2025\/01\/image77756ffed05f48079eda83d5d3965f99.png","datePublished":"2025-01-24T00:00:00+00:00","dateModified":"2025-02-07T14:22:26+00:00","author":{"@id":"https:\/\/enlightennext.de\/#\/schema\/person\/6ea62a9f0cec1fbef503222ec19f4e12"},"description":"D\u00e9couvrez comment affirmer votre style unique avec des conseils sur la mode, la cr\u00e9ativit\u00e9 et l'importance des accessoires.","breadcrumb":{"@id":"https:\/\/enlightennext.de\/les-secrets-dun-style-personnel-reussi-entre-mode-et-creativite\/#breadcrumb"},"inLanguage":"ro-RO","potentialAction":[{"@type":"ReadAction","target":["https:\/\/enlightennext.de\/les-secrets-dun-style-personnel-reussi-entre-mode-et-creativite\/"]}]},{"@type":"ImageObject","inLanguage":"ro-RO","@id":"https:\/\/enlightennext.de\/les-secrets-dun-style-personnel-reussi-entre-mode-et-creativite\/#primaryimage","url":"https:\/\/enlightennext.de\/wp-content\/uploads\/2025\/01\/image77756ffed05f48079eda83d5d3965f99.png","contentUrl":"https:\/\/enlightennext.de\/wp-content\/uploads\/2025\/01\/image77756ffed05f48079eda83d5d3965f99.png","width":1024,"height":768},{"@type":"BreadcrumbList","@id":"https:\/\/enlightennext.de\/les-secrets-dun-style-personnel-reussi-entre-mode-et-creativite\/#breadcrumb","itemListElement":[{"@type":"ListItem","position":1,"name":"Home","item":"https:\/\/enlightennext.de\/"},{"@type":"ListItem","position":2,"name":"Les secrets d&rsquo;un style personnel r\u00e9ussi: Entre mode et cr\u00e9ativit\u00e9"}]},{"@type":"WebSite","@id":"https:\/\/enlightennext.de\/#website","url":"https:\/\/enlightennext.de\/","name":"enlightennext.de","description":"Secrets de Style: D\u00e9couvrez comment cr\u00e9er des tenues harmonieuses et modernes","potentialAction":[{"@type":"SearchAction","target":{"@type":"EntryPoint","urlTemplate":"https:\/\/enlightennext.de\/?s={search_term_string}"},"query-input":"required name=search_term_string"}],"inLanguage":"ro-RO"},{"@type":"Person","@id":"https:\/\/enlightennext.de\/#\/schema\/person\/6ea62a9f0cec1fbef503222ec19f4e12","name":"\u00c9va Morel","image":{"@type":"ImageObject","inLanguage":"ro-RO","@id":"https:\/\/enlightennext.de\/#\/schema\/person\/image\/","url":"https:\/\/enlightennext.de\/wp-content\/uploads\/2025\/02\/zorllnzxod4_ad_avatar-96x96.jpg","contentUrl":"https:\/\/enlightennext.de\/wp-content\/uploads\/2025\/02\/zorllnzxod4_ad_avatar-96x96.jpg","caption":"\u00c9va Morel"},"description":"Je m\u2019appelle \u00c9va Morel, styliste et r\u00e9dactrice mode passionn\u00e9e, originaire de Bordeaux. J\u2019accompagne chacun \u00e0 affirmer son style avec des pi\u00e8ces r\u00e9fl\u00e9chies et authentiques. Mon objectif ? Inspirer une mode responsable et personnalis\u00e9e, o\u00f9 chaque tenue refl\u00e8te la singularit\u00e9 de celui ou celle qui la porte.","url":"https:\/\/enlightennext.de\/ro\/author\/eva-morel\/"}]}},"yoast_meta":{"yoast_wpseo_title":"","yoast_wpseo_metadesc":"","yoast_wpseo_canonical":"https:\/\/enlightennext.de\/ro\/wp-json\/wp\/v2\/posts\/21"},"_links":{"self":[{"href":"https:\/\/enlightennext.de\/ro\/wp-json\/wp\/v2\/posts\/21","targetHints":{"allow":["GET"]}}],"collection":[{"href":"https:\/\/enlightennext.de\/ro\/wp-json\/wp\/v2\/posts"}],"about":[{"href":"https:\/\/enlightennext.de\/ro\/wp-json\/wp\/v2\/types\/post"}],"author":[{"embeddable":true,"href":"https:\/\/enlightennext.de\/ro\/wp-json\/wp\/v2\/users\/1"}],"replies":[{"embeddable":true,"href":"https:\/\/enlightennext.de\/ro\/wp-json\/wp\/v2\/comments?post=21"}],"version-history":[{"count":2,"href":"https:\/\/enlightennext.de\/ro\/wp-json\/wp\/v2\/posts\/21\/revisions"}],"predecessor-version":[{"id":50,"href":"https:\/\/enlightennext.de\/ro\/wp-json\/wp\/v2\/posts\/21\/revisions\/50"}],"wp:featuredmedia":[{"embeddable":true,"href":"https:\/\/enlightennext.de\/ro\/wp-json\/wp\/v2\/media\/8"}],"wp:attachment":[{"href":"https:\/\/enlightennext.de\/ro\/wp-json\/wp\/v2\/media?parent=21"}],"wp:term":[{"taxonomy":"category","embeddable":true,"href":"https:\/\/enlightennext.de\/ro\/wp-json\/wp\/v2\/categories?post=21"},{"taxonomy":"post_tag","embeddable":true,"href":"https:\/\/enlightennext.de\/ro\/wp-json\/wp\/v2\/tags?post=21"}],"curies":[{"name":"wp","href":"https:\/\/api.w.org\/{rel}","templated":true}]}}