{"id":200,"date":"2025-04-17T00:00:00","date_gmt":"2025-04-16T23:00:00","guid":{"rendered":"https:\/\/enlightennext.de\/?p=200"},"modified":"2025-04-17T00:00:00","modified_gmt":"2025-04-16T23:00:00","slug":"comment-opter-pour-un-look-decontracte-chic-avec-un-manteau-et-un-pantalon-large","status":"publish","type":"post","link":"https:\/\/enlightennext.de\/ro\/comment-opter-pour-un-look-decontracte-chic-avec-un-manteau-et-un-pantalon-large\/","title":{"rendered":"Cum s\u0103 ob\u021bii un look casual elegant cu un palton \u0219i pantaloni largi?"},"content":{"rendered":"<div class=\"kk-star-ratings kksr-auto kksr-align-left kksr-valign-top\"\n    data-payload='{&quot;align&quot;:&quot;left&quot;,&quot;id&quot;:&quot;200&quot;,&quot;slug&quot;:&quot;default&quot;,&quot;valign&quot;:&quot;top&quot;,&quot;ignore&quot;:&quot;&quot;,&quot;reference&quot;:&quot;auto&quot;,&quot;class&quot;:&quot;&quot;,&quot;count&quot;:&quot;0&quot;,&quot;legendonly&quot;:&quot;&quot;,&quot;readonly&quot;:&quot;&quot;,&quot;score&quot;:&quot;0&quot;,&quot;starsonly&quot;:&quot;&quot;,&quot;best&quot;:&quot;5&quot;,&quot;gap&quot;:&quot;5&quot;,&quot;greet&quot;:&quot;Rate this post&quot;,&quot;legend&quot;:&quot;0\\\/5 - (0 votes)&quot;,&quot;size&quot;:&quot;24&quot;,&quot;title&quot;:&quot;Comment opter pour un look d\u00e9contract\u00e9 chic avec un manteau et un pantalon large ?&quot;,&quot;width&quot;:&quot;0&quot;,&quot;_legend&quot;:&quot;{score}\\\/{best} - ({count} {votes})&quot;,&quot;font_factor&quot;:&quot;1.25&quot;}'>\n            \n<div class=\"kksr-stars\">\n    \n<div class=\"kksr-stars-inactive\">\n            <div class=\"kksr-star\" data-star=\"1\" style=\"padding-right: 5px\">\n            \n\n<div class=\"kksr-icon\" style=\"width: 24px; height: 24px;\"><\/div>\n        <\/div>\n            <div class=\"kksr-star\" data-star=\"2\" style=\"padding-right: 5px\">\n            \n\n<div class=\"kksr-icon\" style=\"width: 24px; height: 24px;\"><\/div>\n        <\/div>\n            <div class=\"kksr-star\" data-star=\"3\" style=\"padding-right: 5px\">\n            \n\n<div class=\"kksr-icon\" style=\"width: 24px; height: 24px;\"><\/div>\n        <\/div>\n            <div class=\"kksr-star\" data-star=\"4\" style=\"padding-right: 5px\">\n            \n\n<div class=\"kksr-icon\" style=\"width: 24px; height: 24px;\"><\/div>\n        <\/div>\n            <div class=\"kksr-star\" data-star=\"5\" style=\"padding-right: 5px\">\n            \n\n<div class=\"kksr-icon\" style=\"width: 24px; height: 24px;\"><\/div>\n        <\/div>\n    <\/div>\n    \n<div class=\"kksr-stars-active\" style=\"width: 0px;\">\n            <div class=\"kksr-star\" style=\"padding-right: 5px\">\n            \n\n<div class=\"kksr-icon\" style=\"width: 24px; height: 24px;\"><\/div>\n        <\/div>\n            <div class=\"kksr-star\" style=\"padding-right: 5px\">\n            \n\n<div class=\"kksr-icon\" style=\"width: 24px; height: 24px;\"><\/div>\n        <\/div>\n            <div class=\"kksr-star\" style=\"padding-right: 5px\">\n            \n\n<div class=\"kksr-icon\" style=\"width: 24px; height: 24px;\"><\/div>\n        <\/div>\n            <div class=\"kksr-star\" style=\"padding-right: 5px\">\n            \n\n<div class=\"kksr-icon\" style=\"width: 24px; height: 24px;\"><\/div>\n        <\/div>\n            <div class=\"kksr-star\" style=\"padding-right: 5px\">\n            \n\n<div class=\"kksr-icon\" style=\"width: 24px; height: 24px;\"><\/div>\n        <\/div>\n    <\/div>\n<\/div>\n                \n\n<div class=\"kksr-legend\" style=\"font-size: 19.2px;\">\n            <span class=\"kksr-muted\">Evalueaz\u0103 aceast\u0103 postare<\/span>\n    <\/div>\n    <\/div>\n<p>Stilul casual chic este o tendin\u021b\u0103 atemporal\u0103 care reu\u0219e\u0219te s\u0103 combine confortul \u0219i rafinamentul. \u00centr-o lume \u00een care aspectul fizic este adesea important, acest look \u00ee\u021bi permite s\u0103 ar\u0103\u021bi elegant, sim\u021bindu-te \u00een acela\u0219i timp confortabil. Indiferent dac\u0103 mergi la serviciu, te \u00eent\u00e2lne\u0219ti cu prietenii sau chiar ie\u0219i \u00een ora\u0219, un palton bine ales, asortat cu pantaloni cu croi larg, poate face toat\u0103 diferen\u021ba. Acestea fiind spuse, cum reu\u0219e\u0219ti aceast\u0103 combina\u021bie f\u0103r\u0103 efort? Acest articol te ghideaz\u0103 prin pa\u0219ii esen\u021biali pentru a crea o \u021binut\u0103 care s\u0103 combine stilul \u0219i confortul.<\/p>\n<p>C\u00e2nd vine vorba de crearea ansamblului perfect, este esen\u021bial s\u0103 acorzi aten\u021bie materialelor, croielilor \u0219i accesoriilor. Alegerea potrivit\u0103 a fiec\u0103rei piese poate transforma un look obi\u0219nuit \u00eentr-o declara\u021bie de mod\u0103. Pe l\u00e2ng\u0103 acestea, alegerea potrivit\u0103 a culorilor \u0219i modelelor joac\u0103 un rol cheie \u00een eviden\u021bierea personalit\u0103\u021bii tale. A\u0219adar, haide\u021bi s\u0103 aprofund\u0103m detaliile acestui look \u0219ic \u0219i casual \u0219i s\u0103 descoperim \u00eempreun\u0103 cum s\u0103 \u00eel purt\u0103m cu stil.<\/p>\n<h2>Alegerea hainei potrivite<\/h2>\n<p><img decoding=\"async\" alt=\"Une femme \u00e9l\u00e9gante assise \u00e0 une table de caf\u00e9, tenant une tasse, dans une ambiance anim\u00e9e.\" src=\"https:\/\/enlightennext.de\/wp-content\/uploads\/2025\/04\/image664b19661c524000add591dde95aaedd.png\"\/><\/p>\n<p>Paltonul este adesea piesa central\u0103 a unei \u021binute. Acest lucru va defini tonul ansamblului t\u0103u \u0219i, prin urmare, necesit\u0103 o aten\u021bie special\u0103. Pentru o siluet\u0103 elegant\u0103, ar trebui s\u0103 alegi materiale precum l\u00e2na, ca\u0219mirul sau chiar \u021bes\u0103turi mai u\u0219oare, precum bumbacul. \u00cen ceea ce prive\u0219te culorile, nuan\u021bele neutre precum negrul, bejul sau griul sunt ideale, \u00een timp ce pastelurile pot aduce o prospe\u021bime binevenit\u0103. De asemenea, ia \u00een considerare lungimea \u0219i croiala hainei tale: o hain\u0103 lung\u0103 tinde s\u0103 alungeasc\u0103 silueta, \u00een timp ce un model scurt poate ad\u0103uga o not\u0103 modern\u0103.<\/p>\n<p>Iat\u0103 c\u00e2teva sfaturi pentru alegerea hainei potrivite:<\/p>\n<ul>\n<li>Opteaz\u0103 pentru texturi de \u00eenalt\u0103 calitate.<\/li>\n<li>Alege nuan\u021be clasice sau pastelate pentru versatilitate.<\/li>\n<li>Adapteaz\u0103 croiala la forma corpului t\u0103u.<\/li>\n<li>Lua\u021bi \u00een considerare greutatea materialului: u\u0219or pentru prim\u0103var\u0103, mai greu pentru iarn\u0103.<\/li>\n<li>C\u0103uta\u021bi detalii fine, cum ar fi nasturii sau cus\u0103turile.<\/li>\n<\/ul>\n<h2>Alegerea pantalonilor cu croi larg perfec\u021bi<\/h2>\n<p><img decoding=\"async\" alt=\"Femme styl\u00e9e en manteau beige et lunettes de soleil, se tenant dans un jardin fleuri ensoleill\u00e9.\" src=\"https:\/\/enlightennext.de\/wp-content\/uploads\/2025\/04\/imagedbe04d7121f34247aa2dea68cbaf85ad.png\"\/><\/p>\n<p>Pantalonii cu croi larg sunt esen\u021biali pentru a completa \u021binuta ta casual \u0219ic. C\u00e2nd \u00ee\u021bi alegi modelul, g\u00e2nde\u0219te-te la stiluri \u0219i modele care \u00ee\u021bi pot scoate \u00een eviden\u021b\u0103 stilul individual. Pantalonii palazzo, pantalonii jogger elegan\u021bi \u0219i modelele cu pliseuri sunt toate alegeri excelente. De asemenea, po\u021bi lua \u00een considerare diferite modele pentru a ad\u0103uga o dimensiune suplimentar\u0103: dungile sau carourile pot ad\u0103uga o not\u0103 unic\u0103. Totu\u0219i, este esen\u021bial s\u0103 v\u0103 asigura\u021bi c\u0103 pantalonii se potrivesc bine. Pentru un efect \u0219ic, alege un model care se muleaz\u0103 bine \u00een talie pentru a evita un efect neglijent.<\/p>\n<p>Pentru a v\u0103 ajuta s\u0103 v\u0103 vizualiza\u021bi op\u021biunile, iat\u0103 un tabel rezumativ al tipurilor de pantaloni \u0219i al caracteristicilor acestora:<\/p>\n<table border=\"1\">\n<tr>\n<th>Tipul de pantaloni<\/th>\n<th>Caracteristici<\/th>\n<\/tr>\n<tr>\n<td>Pantaloni palazzo<\/td>\n<td>Lat\u0103 \u0219i cu o croial\u0103 lejer\u0103 pe picior, ideal\u0103 pentru un look elegant.<\/td>\n<\/tr>\n<tr>\n<td>Pantaloni plisa\u021bi<\/td>\n<td>Structur\u0103 \u00eengrijit\u0103, perfect\u0103 pentru un stil sofisticat.<\/td>\n<\/tr>\n<tr>\n<td>Jogging elegant<\/td>\n<td>Confortabil\u0103 dar elegant\u0103, ideal\u0103 pentru zilele casual.<\/td>\n<\/tr>\n<\/table>\n<h2>Combin\u0103 accesoriile potrivite<\/h2>\n<p>Pentru a-\u021bi perfec\u021biona look-ul casual chic, accesoriile nu trebuie neglijate. Aceste elemente adaug\u0103 o not\u0103 esen\u021bial\u0103 care poate transforma \u00eentregul. Pentru \u00eenc\u0103l\u021b\u0103minte, ia \u00een considerare op\u021biuni precum pantofii sport albi pentru un aspect mai casual sau mocasinii pentru un plus de elegan\u021b\u0103. Botinele cu toc, pe de alt\u0103 parte, pot oferi un efect mai elegant. C\u00e2nd vine vorba de gen\u021bi, un model structurat din piele poate completa perfect o \u021binut\u0103. C\u00e2nd vine vorba de bijuterii, opteaz\u0103 pentru piese delicate care nu supra\u00eencarc\u0103 aspectul general.<\/p>\n<p>Iat\u0103 c\u00e2teva sugestii de accesorii care se potrivesc perfect cu acest stil:<\/p>\n<ul>\n<li>Teni\u0219i albi pentru un look casual.<\/li>\n<li>Mocasini sau derbies pentru o not\u0103 mai elegant\u0103.<\/li>\n<li>Geant\u0103 din piele structurat\u0103 pentru elegan\u021b\u0103.<\/li>\n<li>Bijuterii minimaliste pentru a evita \u00eengreunarea compozi\u021biei.<\/li>\n<\/ul>\n<h2>Concluzie<\/h2>\n<p>Pe scurt, ob\u021binerea unui look smart casual cu un palton \u0219i pantaloni cu croi larg necesit\u0103 o aten\u021bie deosebit\u0103 la detalii. Acord\u00e2ndu-\u021bi timp pentru a alege piesele potrivite, po\u021bi crea o \u021binut\u0103 care eman\u0103 at\u00e2t confort, c\u00e2t \u0219i stil. Nu uita c\u0103 accesoriile joac\u0103 un rol crucial \u00een echilibrul aspectului t\u0103u. <\/p>\n<p>A\u0219adar, \u00eencepe s\u0103-\u021bi explorezi garderoba \u0219i distreaz\u0103-te alc\u0103tuind \u021binute care s\u0103-\u021bi reflecte personalitatea, r\u0103m\u00e2n\u00e2nd \u00een acela\u0219i timp \u0219ic \u0219i casual.<\/p>\n<h2>\u00centreb\u0103ri frecvente<\/h2>\n<ul>\n<li><strong>Ce tipuri de paltoane sunt cele mai potrivite pentru un look smart casual?<\/strong>\n<ul>\n<li>Paltoane de l\u00e2n\u0103, trench-uri \u0219i jachete de piele.<\/li>\n<\/ul>\n<\/li>\n<li><strong>Cum s\u0103 alegi m\u0103rimea potrivit\u0103 pentru pantaloni largi?<\/strong>\n<ul>\n<li>Verific\u0103 dac\u0103 pantalonii se potrivesc bine \u00een talie \u0219i c\u0103 nu cad prea jos.<\/li>\n<\/ul>\n<\/li>\n<li><strong>Ce accesorii ar trebui s\u0103 alegi pentru a completa acest look?<\/strong>\n<ul>\n<li>Pantofi comozi, o geant\u0103 structurat\u0103 \u0219i bijuterii discrete.<\/li>\n<\/ul>\n<\/li>\n<li><strong>Este posibil s\u0103 port aceast\u0103 \u021binut\u0103 toamna\/iarna?<\/strong>\n<ul>\n<li>Da, ad\u0103ug\u00e2nd straturi precum un pulover u\u0219or sau o e\u0219arf\u0103, po\u021bi adapta acest stil anotimpurilor reci.<\/li>\n<\/ul>\n<\/li>\n<li><strong>Este \u021binuta smart casual potrivit\u0103 pentru ocazii formale?<\/strong>\n<ul>\n<li>Cu alegerea potrivit\u0103 a \u021bes\u0103turilor \u0219i accesoriilor, poate fi potrivit\u0103 pentru evenimente semi-formale.<\/li>\n<\/ul>\n<\/li>\n<\/ul>","protected":false},"excerpt":{"rendered":"<p>Stilul casual chic este o tendin\u021b\u0103 atemporal\u0103 care reu\u0219e\u0219te s\u0103 combine confortul \u0219i rafinamentul. \u00centr-o lume \u00een care aspectul fizic este adesea important,...<\/p>","protected":false},"author":1,"featured_media":169,"comment_status":"closed","ping_status":"closed","sticky":false,"template":"","format":"standard","meta":{"_acf_changed":false,"footnotes":""},"categories":[1],"tags":[],"class_list":["post-200","post","type-post","status-publish","format-standard","has-post-thumbnail","hentry","category-blog"],"acf":[],"yoast_head":"<!-- This site is optimized with the Yoast SEO plugin v23.2 - https:\/\/yoast.com\/wordpress\/plugins\/seo\/ -->\n<title>Comment adopter un look d\u00e9contract\u00e9 chic avec un manteau et un pantalon large ?<\/title>\n<meta name=\"description\" content=\"D\u00e9couvrez comment cr\u00e9er un look d\u00e9contract\u00e9 chic avec un manteau et un pantalon large, alliant confort et \u00e9l\u00e9gance.\" \/>\n<meta name=\"robots\" content=\"index, follow, max-snippet:-1, max-image-preview:large, max-video-preview:-1\" \/>\n<link rel=\"canonical\" href=\"https:\/\/enlightennext.de\/ro\/comment-opter-pour-un-look-decontracte-chic-avec-un-manteau-et-un-pantalon-large\/\" \/>\n<meta property=\"og:locale\" content=\"ro_RO\" \/>\n<meta property=\"og:type\" content=\"article\" \/>\n<meta property=\"og:title\" content=\"Comment adopter un look d\u00e9contract\u00e9 chic avec un manteau et un pantalon large ?\" \/>\n<meta property=\"og:description\" content=\"D\u00e9couvrez comment cr\u00e9er un look d\u00e9contract\u00e9 chic avec un manteau et un pantalon large, alliant confort et \u00e9l\u00e9gance.\" \/>\n<meta property=\"og:url\" content=\"https:\/\/enlightennext.de\/ro\/comment-opter-pour-un-look-decontracte-chic-avec-un-manteau-et-un-pantalon-large\/\" \/>\n<meta property=\"og:site_name\" content=\"enlightennext.de\" \/>\n<meta property=\"article:published_time\" content=\"2025-04-16T23:00:00+00:00\" \/>\n<meta property=\"og:image\" content=\"https:\/\/enlightennext.de\/wp-content\/uploads\/2025\/04\/imagea29150bb90744f76bed048477904be01.png\" \/>\n\t<meta property=\"og:image:width\" content=\"1024\" \/>\n\t<meta property=\"og:image:height\" content=\"768\" \/>\n\t<meta property=\"og:image:type\" content=\"image\/png\" \/>\n<meta name=\"author\" content=\"\u00c9va Morel\" \/>\n<meta name=\"twitter:card\" content=\"summary_large_image\" \/>\n<meta name=\"twitter:label1\" content=\"Scris de\" \/>\n\t<meta name=\"twitter:data1\" content=\"\u00c9va Morel\" \/>\n\t<meta name=\"twitter:label2\" content=\"Timp estimat pentru citire\" \/>\n\t<meta name=\"twitter:data2\" content=\"4 minute\" \/>\n<script type=\"application\/ld+json\" class=\"yoast-schema-graph\">{\"@context\":\"https:\/\/schema.org\",\"@graph\":[{\"@type\":\"WebPage\",\"@id\":\"https:\/\/enlightennext.de\/comment-opter-pour-un-look-decontracte-chic-avec-un-manteau-et-un-pantalon-large\/\",\"url\":\"https:\/\/enlightennext.de\/comment-opter-pour-un-look-decontracte-chic-avec-un-manteau-et-un-pantalon-large\/\",\"name\":\"Comment adopter un look d\u00e9contract\u00e9 chic avec un manteau et un pantalon large ?\",\"isPartOf\":{\"@id\":\"https:\/\/enlightennext.de\/#website\"},\"primaryImageOfPage\":{\"@id\":\"https:\/\/enlightennext.de\/comment-opter-pour-un-look-decontracte-chic-avec-un-manteau-et-un-pantalon-large\/#primaryimage\"},\"image\":{\"@id\":\"https:\/\/enlightennext.de\/comment-opter-pour-un-look-decontracte-chic-avec-un-manteau-et-un-pantalon-large\/#primaryimage\"},\"thumbnailUrl\":\"https:\/\/enlightennext.de\/wp-content\/uploads\/2025\/04\/imagea29150bb90744f76bed048477904be01.png\",\"datePublished\":\"2025-04-16T23:00:00+00:00\",\"dateModified\":\"2025-04-16T23:00:00+00:00\",\"author\":{\"@id\":\"https:\/\/enlightennext.de\/#\/schema\/person\/6ea62a9f0cec1fbef503222ec19f4e12\"},\"description\":\"D\u00e9couvrez comment cr\u00e9er un look d\u00e9contract\u00e9 chic avec un manteau et un pantalon large, alliant confort et \u00e9l\u00e9gance.\",\"breadcrumb\":{\"@id\":\"https:\/\/enlightennext.de\/comment-opter-pour-un-look-decontracte-chic-avec-un-manteau-et-un-pantalon-large\/#breadcrumb\"},\"inLanguage\":\"ro-RO\",\"potentialAction\":[{\"@type\":\"ReadAction\",\"target\":[\"https:\/\/enlightennext.de\/comment-opter-pour-un-look-decontracte-chic-avec-un-manteau-et-un-pantalon-large\/\"]}]},{\"@type\":\"ImageObject\",\"inLanguage\":\"ro-RO\",\"@id\":\"https:\/\/enlightennext.de\/comment-opter-pour-un-look-decontracte-chic-avec-un-manteau-et-un-pantalon-large\/#primaryimage\",\"url\":\"https:\/\/enlightennext.de\/wp-content\/uploads\/2025\/04\/imagea29150bb90744f76bed048477904be01.png\",\"contentUrl\":\"https:\/\/enlightennext.de\/wp-content\/uploads\/2025\/04\/imagea29150bb90744f76bed048477904be01.png\",\"width\":1024,\"height\":768},{\"@type\":\"BreadcrumbList\",\"@id\":\"https:\/\/enlightennext.de\/comment-opter-pour-un-look-decontracte-chic-avec-un-manteau-et-un-pantalon-large\/#breadcrumb\",\"itemListElement\":[{\"@type\":\"ListItem\",\"position\":1,\"name\":\"Home\",\"item\":\"https:\/\/enlightennext.de\/\"},{\"@type\":\"ListItem\",\"position\":2,\"name\":\"Comment opter pour un look d\u00e9contract\u00e9 chic avec un manteau et un pantalon large ?\"}]},{\"@type\":\"WebSite\",\"@id\":\"https:\/\/enlightennext.de\/#website\",\"url\":\"https:\/\/enlightennext.de\/\",\"name\":\"enlightennext.de\",\"description\":\"Secrets de Style: D\u00e9couvrez comment cr\u00e9er des tenues harmonieuses et modernes\",\"potentialAction\":[{\"@type\":\"SearchAction\",\"target\":{\"@type\":\"EntryPoint\",\"urlTemplate\":\"https:\/\/enlightennext.de\/?s={search_term_string}\"},\"query-input\":\"required name=search_term_string\"}],\"inLanguage\":\"ro-RO\"},{\"@type\":\"Person\",\"@id\":\"https:\/\/enlightennext.de\/#\/schema\/person\/6ea62a9f0cec1fbef503222ec19f4e12\",\"name\":\"\u00c9va Morel\",\"image\":{\"@type\":\"ImageObject\",\"inLanguage\":\"ro-RO\",\"@id\":\"https:\/\/enlightennext.de\/#\/schema\/person\/image\/\",\"url\":\"https:\/\/enlightennext.de\/wp-content\/uploads\/2025\/02\/zorllnzxod4_ad_avatar-96x96.jpg\",\"contentUrl\":\"https:\/\/enlightennext.de\/wp-content\/uploads\/2025\/02\/zorllnzxod4_ad_avatar-96x96.jpg\",\"caption\":\"\u00c9va Morel\"},\"description\":\"Je m\u2019appelle \u00c9va Morel, styliste et r\u00e9dactrice mode passionn\u00e9e, originaire de Bordeaux. J\u2019accompagne chacun \u00e0 affirmer son style avec des pi\u00e8ces r\u00e9fl\u00e9chies et authentiques. Mon objectif ? Inspirer une mode responsable et personnalis\u00e9e, o\u00f9 chaque tenue refl\u00e8te la singularit\u00e9 de celui ou celle qui la porte.\",\"url\":\"https:\/\/enlightennext.de\/ro\/author\/eva-morel\/\"}]}<\/script>\n<!-- \/ Yoast SEO plugin. -->","yoast_head_json":{"title":"Comment adopter un look d\u00e9contract\u00e9 chic avec un manteau et un pantalon large ?","description":"D\u00e9couvrez comment cr\u00e9er un look d\u00e9contract\u00e9 chic avec un manteau et un pantalon large, alliant confort et \u00e9l\u00e9gance.","robots":{"index":"index","follow":"follow","max-snippet":"max-snippet:-1","max-image-preview":"max-image-preview:large","max-video-preview":"max-video-preview:-1"},"canonical":"https:\/\/enlightennext.de\/ro\/comment-opter-pour-un-look-decontracte-chic-avec-un-manteau-et-un-pantalon-large\/","og_locale":"ro_RO","og_type":"article","og_title":"Comment adopter un look d\u00e9contract\u00e9 chic avec un manteau et un pantalon large ?","og_description":"D\u00e9couvrez comment cr\u00e9er un look d\u00e9contract\u00e9 chic avec un manteau et un pantalon large, alliant confort et \u00e9l\u00e9gance.","og_url":"https:\/\/enlightennext.de\/ro\/comment-opter-pour-un-look-decontracte-chic-avec-un-manteau-et-un-pantalon-large\/","og_site_name":"enlightennext.de","article_published_time":"2025-04-16T23:00:00+00:00","og_image":[{"width":1024,"height":768,"url":"https:\/\/enlightennext.de\/wp-content\/uploads\/2025\/04\/imagea29150bb90744f76bed048477904be01.png","type":"image\/png"}],"author":"\u00c9va Morel","twitter_card":"summary_large_image","twitter_misc":{"Scris de":"\u00c9va Morel","Timp estimat pentru citire":"4 minute"},"schema":{"@context":"https:\/\/schema.org","@graph":[{"@type":"WebPage","@id":"https:\/\/enlightennext.de\/comment-opter-pour-un-look-decontracte-chic-avec-un-manteau-et-un-pantalon-large\/","url":"https:\/\/enlightennext.de\/comment-opter-pour-un-look-decontracte-chic-avec-un-manteau-et-un-pantalon-large\/","name":"Comment adopter un look d\u00e9contract\u00e9 chic avec un manteau et un pantalon large ?","isPartOf":{"@id":"https:\/\/enlightennext.de\/#website"},"primaryImageOfPage":{"@id":"https:\/\/enlightennext.de\/comment-opter-pour-un-look-decontracte-chic-avec-un-manteau-et-un-pantalon-large\/#primaryimage"},"image":{"@id":"https:\/\/enlightennext.de\/comment-opter-pour-un-look-decontracte-chic-avec-un-manteau-et-un-pantalon-large\/#primaryimage"},"thumbnailUrl":"https:\/\/enlightennext.de\/wp-content\/uploads\/2025\/04\/imagea29150bb90744f76bed048477904be01.png","datePublished":"2025-04-16T23:00:00+00:00","dateModified":"2025-04-16T23:00:00+00:00","author":{"@id":"https:\/\/enlightennext.de\/#\/schema\/person\/6ea62a9f0cec1fbef503222ec19f4e12"},"description":"D\u00e9couvrez comment cr\u00e9er un look d\u00e9contract\u00e9 chic avec un manteau et un pantalon large, alliant confort et \u00e9l\u00e9gance.","breadcrumb":{"@id":"https:\/\/enlightennext.de\/comment-opter-pour-un-look-decontracte-chic-avec-un-manteau-et-un-pantalon-large\/#breadcrumb"},"inLanguage":"ro-RO","potentialAction":[{"@type":"ReadAction","target":["https:\/\/enlightennext.de\/comment-opter-pour-un-look-decontracte-chic-avec-un-manteau-et-un-pantalon-large\/"]}]},{"@type":"ImageObject","inLanguage":"ro-RO","@id":"https:\/\/enlightennext.de\/comment-opter-pour-un-look-decontracte-chic-avec-un-manteau-et-un-pantalon-large\/#primaryimage","url":"https:\/\/enlightennext.de\/wp-content\/uploads\/2025\/04\/imagea29150bb90744f76bed048477904be01.png","contentUrl":"https:\/\/enlightennext.de\/wp-content\/uploads\/2025\/04\/imagea29150bb90744f76bed048477904be01.png","width":1024,"height":768},{"@type":"BreadcrumbList","@id":"https:\/\/enlightennext.de\/comment-opter-pour-un-look-decontracte-chic-avec-un-manteau-et-un-pantalon-large\/#breadcrumb","itemListElement":[{"@type":"ListItem","position":1,"name":"Home","item":"https:\/\/enlightennext.de\/"},{"@type":"ListItem","position":2,"name":"Comment opter pour un look d\u00e9contract\u00e9 chic avec un manteau et un pantalon large ?"}]},{"@type":"WebSite","@id":"https:\/\/enlightennext.de\/#website","url":"https:\/\/enlightennext.de\/","name":"enlightennext.de","description":"Secrets de Style: D\u00e9couvrez comment cr\u00e9er des tenues harmonieuses et modernes","potentialAction":[{"@type":"SearchAction","target":{"@type":"EntryPoint","urlTemplate":"https:\/\/enlightennext.de\/?s={search_term_string}"},"query-input":"required name=search_term_string"}],"inLanguage":"ro-RO"},{"@type":"Person","@id":"https:\/\/enlightennext.de\/#\/schema\/person\/6ea62a9f0cec1fbef503222ec19f4e12","name":"\u00c9va Morel","image":{"@type":"ImageObject","inLanguage":"ro-RO","@id":"https:\/\/enlightennext.de\/#\/schema\/person\/image\/","url":"https:\/\/enlightennext.de\/wp-content\/uploads\/2025\/02\/zorllnzxod4_ad_avatar-96x96.jpg","contentUrl":"https:\/\/enlightennext.de\/wp-content\/uploads\/2025\/02\/zorllnzxod4_ad_avatar-96x96.jpg","caption":"\u00c9va Morel"},"description":"Je m\u2019appelle \u00c9va Morel, styliste et r\u00e9dactrice mode passionn\u00e9e, originaire de Bordeaux. J\u2019accompagne chacun \u00e0 affirmer son style avec des pi\u00e8ces r\u00e9fl\u00e9chies et authentiques. Mon objectif ? Inspirer une mode responsable et personnalis\u00e9e, o\u00f9 chaque tenue refl\u00e8te la singularit\u00e9 de celui ou celle qui la porte.","url":"https:\/\/enlightennext.de\/ro\/author\/eva-morel\/"}]}},"yoast_meta":{"yoast_wpseo_title":"","yoast_wpseo_metadesc":"","yoast_wpseo_canonical":"https:\/\/enlightennext.de\/ro\/wp-json\/wp\/v2\/posts\/200"},"_links":{"self":[{"href":"https:\/\/enlightennext.de\/ro\/wp-json\/wp\/v2\/posts\/200","targetHints":{"allow":["GET"]}}],"collection":[{"href":"https:\/\/enlightennext.de\/ro\/wp-json\/wp\/v2\/posts"}],"about":[{"href":"https:\/\/enlightennext.de\/ro\/wp-json\/wp\/v2\/types\/post"}],"author":[{"embeddable":true,"href":"https:\/\/enlightennext.de\/ro\/wp-json\/wp\/v2\/users\/1"}],"replies":[{"embeddable":true,"href":"https:\/\/enlightennext.de\/ro\/wp-json\/wp\/v2\/comments?post=200"}],"version-history":[{"count":1,"href":"https:\/\/enlightennext.de\/ro\/wp-json\/wp\/v2\/posts\/200\/revisions"}],"predecessor-version":[{"id":212,"href":"https:\/\/enlightennext.de\/ro\/wp-json\/wp\/v2\/posts\/200\/revisions\/212"}],"wp:featuredmedia":[{"embeddable":true,"href":"https:\/\/enlightennext.de\/ro\/wp-json\/wp\/v2\/media\/169"}],"wp:attachment":[{"href":"https:\/\/enlightennext.de\/ro\/wp-json\/wp\/v2\/media?parent=200"}],"wp:term":[{"taxonomy":"category","embeddable":true,"href":"https:\/\/enlightennext.de\/ro\/wp-json\/wp\/v2\/categories?post=200"},{"taxonomy":"post_tag","embeddable":true,"href":"https:\/\/enlightennext.de\/ro\/wp-json\/wp\/v2\/tags?post=200"}],"curies":[{"name":"wp","href":"https:\/\/api.w.org\/{rel}","templated":true}]}}