{"id":196,"date":"2025-04-15T00:00:00","date_gmt":"2025-04-14T23:00:00","guid":{"rendered":"https:\/\/enlightennext.de\/?p=196"},"modified":"2025-04-15T00:00:00","modified_gmt":"2025-04-14T23:00:00","slug":"les-vestes-incontournables-a-porter-avec-une-robe-cette-saison","status":"publish","type":"post","link":"https:\/\/enlightennext.de\/ro\/les-vestes-incontournables-a-porter-avec-une-robe-cette-saison\/","title":{"rendered":"Jachetele obligatorii de purtat cu o rochie \u00een acest sezon"},"content":{"rendered":"<div class=\"kk-star-ratings kksr-auto kksr-align-left kksr-valign-top\"\n    data-payload='{&quot;align&quot;:&quot;left&quot;,&quot;id&quot;:&quot;196&quot;,&quot;slug&quot;:&quot;default&quot;,&quot;valign&quot;:&quot;top&quot;,&quot;ignore&quot;:&quot;&quot;,&quot;reference&quot;:&quot;auto&quot;,&quot;class&quot;:&quot;&quot;,&quot;count&quot;:&quot;0&quot;,&quot;legendonly&quot;:&quot;&quot;,&quot;readonly&quot;:&quot;&quot;,&quot;score&quot;:&quot;0&quot;,&quot;starsonly&quot;:&quot;&quot;,&quot;best&quot;:&quot;5&quot;,&quot;gap&quot;:&quot;5&quot;,&quot;greet&quot;:&quot;Rate this post&quot;,&quot;legend&quot;:&quot;0\\\/5 - (0 votes)&quot;,&quot;size&quot;:&quot;24&quot;,&quot;title&quot;:&quot;Les vestes incontournables \u00e0 porter avec une robe cette saison&quot;,&quot;width&quot;:&quot;0&quot;,&quot;_legend&quot;:&quot;{score}\\\/{best} - ({count} {votes})&quot;,&quot;font_factor&quot;:&quot;1.25&quot;}'>\n            \n<div class=\"kksr-stars\">\n    \n<div class=\"kksr-stars-inactive\">\n            <div class=\"kksr-star\" data-star=\"1\" style=\"padding-right: 5px\">\n            \n\n<div class=\"kksr-icon\" style=\"width: 24px; height: 24px;\"><\/div>\n        <\/div>\n            <div class=\"kksr-star\" data-star=\"2\" style=\"padding-right: 5px\">\n            \n\n<div class=\"kksr-icon\" style=\"width: 24px; height: 24px;\"><\/div>\n        <\/div>\n            <div class=\"kksr-star\" data-star=\"3\" style=\"padding-right: 5px\">\n            \n\n<div class=\"kksr-icon\" style=\"width: 24px; height: 24px;\"><\/div>\n        <\/div>\n            <div class=\"kksr-star\" data-star=\"4\" style=\"padding-right: 5px\">\n            \n\n<div class=\"kksr-icon\" style=\"width: 24px; height: 24px;\"><\/div>\n        <\/div>\n            <div class=\"kksr-star\" data-star=\"5\" style=\"padding-right: 5px\">\n            \n\n<div class=\"kksr-icon\" style=\"width: 24px; height: 24px;\"><\/div>\n        <\/div>\n    <\/div>\n    \n<div class=\"kksr-stars-active\" style=\"width: 0px;\">\n            <div class=\"kksr-star\" style=\"padding-right: 5px\">\n            \n\n<div class=\"kksr-icon\" style=\"width: 24px; height: 24px;\"><\/div>\n        <\/div>\n            <div class=\"kksr-star\" style=\"padding-right: 5px\">\n            \n\n<div class=\"kksr-icon\" style=\"width: 24px; height: 24px;\"><\/div>\n        <\/div>\n            <div class=\"kksr-star\" style=\"padding-right: 5px\">\n            \n\n<div class=\"kksr-icon\" style=\"width: 24px; height: 24px;\"><\/div>\n        <\/div>\n            <div class=\"kksr-star\" style=\"padding-right: 5px\">\n            \n\n<div class=\"kksr-icon\" style=\"width: 24px; height: 24px;\"><\/div>\n        <\/div>\n            <div class=\"kksr-star\" style=\"padding-right: 5px\">\n            \n\n<div class=\"kksr-icon\" style=\"width: 24px; height: 24px;\"><\/div>\n        <\/div>\n    <\/div>\n<\/div>\n                \n\n<div class=\"kksr-legend\" style=\"font-size: 19.2px;\">\n            <span class=\"kksr-muted\">Evalueaz\u0103 aceast\u0103 postare<\/span>\n    <\/div>\n    <\/div>\n<p>C\u00e2nd temperaturile \u00eencep s\u0103 se schimbe, este esen\u021bial s\u0103 ne revizuim garderoba \u0219i s\u0103 ne reinvent\u0103m \u021binutele. Jachetele, adesea subestimate, pot transforma cu adev\u0103rat o rochie simpl\u0103 \u00eentr-o declara\u021bie de mod\u0103. Indiferent dac\u0103 te preg\u0103te\u0219ti pentru o ie\u0219ire casual sau pentru o ocazie mai elegant\u0103, jacheta potrivit\u0103 poate face toat\u0103 diferen\u021ba. Asort\u00e2nd o rochie elegant\u0103 cu o alegere inteligent\u0103 de jachete, nu numai c\u0103 \u00ee\u021bi va sta de cald, dar vei face \u0219i o declara\u021bie de stil. Hai s\u0103 analiz\u0103m op\u021biunile obligatorii care te vor ajuta s\u0103 str\u0103luce\u0219ti \u00een acest sezon.<\/p>\n<p>Sacourile, jachetele de piele \u0219i trench-urile sunt op\u021biuni care ofer\u0103 o varietate de stiluri \u0219i posibilit\u0103\u021bi. Este important s\u0103 re\u021bii minte c\u0103 o jachet\u0103 bine aleas\u0103 poate atrage aten\u021bia asupra unei rochii delicate, ad\u0103ug\u00e2nd \u00een acela\u0219i timp o not\u0103 de caracter \u021binutei tale. Pentru a te ajuta s\u0103 faci alegeri, vom explora diferitele tipuri de jachete, cum s\u0103 le accesorizezi \u0219i chiar vom \u00eemp\u0103rt\u0103\u0219i c\u00e2teva sfaturi de mod\u0103. Preg\u0103te\u0219te-te s\u0103 descoperi combina\u021biile care te vor face s\u0103 ie\u0219i \u00een eviden\u021b\u0103!<\/p>\n<h2>Diferitele jachete de luat \u00een considerare<\/h2>\n<p><img decoding=\"async\" alt=\"Une femme \u00e9l\u00e9gante avec un manteau beige assise sur une chaise, entour\u00e9e de fleurs color\u00e9es.\" src=\"https:\/\/enlightennext.de\/wp-content\/uploads\/2025\/04\/imagedef33ca131fc4f92b492a894873b50cd.png\"\/><\/p>\n<h3>Sacouri supradimensionate<\/h3>\n<p>Sacourile supradimensionate sunt, f\u0103r\u0103 \u00eendoial\u0103, \u00een avangarda modei \u00een acest sezon. Aduc o siluet\u0103 modern\u0103 \u0219i pot fi stilizate \u00een multe feluri. Asortate cu rochii midi, creeaz\u0103 un look echilibrat \u0219i elegant. Pentru un efect contrastant, opteaz\u0103 pentru \u021bes\u0103turi moi sau modele \u00eendr\u0103zne\u021be. Iat\u0103 c\u00e2teva combina\u021bii sugerate:<\/p>\n<ul>\n<li>Rochie midi lejer\u0103 cu blazer cu dungi<\/li>\n<li>Rochie de catifea cu blazer de l\u00e2n\u0103<\/li>\n<li>Rochie floral\u0103 cu un blazer simplu<\/li>\n<\/ul>\n<h3>Jachete de piele<\/h3>\n<p>O jachet\u0103 de piele este una dintre cele mai bune modalit\u0103\u021bi de a ad\u0103uga o not\u0103 rock \u021binutei tale. Indiferent dac\u0103 por\u021bi o rochie casual sau una mai sofisticat\u0103, o jachet\u0103 de piele bun\u0103 poate \u00eembun\u0103t\u0103\u021bi orice \u021binut\u0103. Pentru un finisaj impecabil, alege materiale care ofer\u0103 confort \u0219i durabilitate. Jachetele de piele \u00een nuan\u021be clasice precum negru sau maro sunt atemporale, dar nu ezita\u021bi s\u0103 explora\u021bi culori mai str\u0103lucitoare pentru un efect \u00eendr\u0103zne\u021b.<\/p>\n<table border=\"1\">\n<tr>\n<th>Rochie<\/th>\n<th>Tipul jachetei<\/th>\n<th>Accesorii recomandate<\/th>\n<\/tr>\n<tr>\n<td>Rochie fluid\u0103<\/td>\n<td>Geac\u0103 de piele<\/td>\n<td>Ghete \u0219i geant\u0103 de m\u00e2n\u0103 din piele<\/td>\n<\/tr>\n<tr>\n<td>Rochie mulat\u0103<\/td>\n<td>Sacou supradimensionat<\/td>\n<td>Pantofi cu toc \u0219i bijuterii delicate<\/td>\n<\/tr>\n<tr>\n<td>Rochie imprimat\u0103<\/td>\n<td>Trench<\/td>\n<td>Sandale \u0219i p\u0103l\u0103rie elegant\u0103<\/td>\n<\/tr>\n<\/table>\n<h3>Trenciurile<\/h3>\n<p>Trench-ul este una dintre cele mai versatile piese vestimentare din garderoba unei femei. Se potrive\u0219te perfect cu aproape orice stil vestimentar, de la cel mai casual p\u00e2n\u0103 la cel mai formal. Pe l\u00e2ng\u0103 faptul c\u0103 protejeaz\u0103 \u00eempotriva intemperiilor, ofer\u0103 o elegan\u021b\u0103 atemporal\u0103 care nu se demodeaz\u0103 niciodat\u0103. Atunci c\u00e2nd alegi un trench, opteaz\u0103 pentru un stil mulat care \u00ee\u021bi accentueaz\u0103 talia pentru o siluet\u0103 flatant\u0103. Ia \u00een considerare ad\u0103ugarea c\u00e2torva elemente trench-ului t\u0103u:<\/p>\n<ul>\n<li>Curea asortat\u0103 cu o curea<\/li>\n<li>Alege o culoare care se potrive\u0219te cu rochia ta<\/li>\n<li>Adaug\u0103 o e\u0219arf\u0103 pentru o pat\u0103 de culoare<\/li>\n<\/ul>\n<h2>Cum s\u0103-\u021bi accesorizezi \u021binuta<\/h2>\n<p>Accesoriile joac\u0103 un rol vital \u00een completarea \u021binutei tale, al\u0103turi de o rochie \u0219i o jachet\u0103. De fapt, ele pot transforma o \u021binut\u0103 simpl\u0103 \u00eentr-un ansamblu remarcabil. Iat\u0103 c\u00e2teva sfaturi: \u00eencepe prin a alege tipul potrivit de \u00eenc\u0103l\u021b\u0103minte. \u00cen func\u021bie de ocazie, pute\u021bi alege:<\/p>\n<ul>\n<li>Ghete la glezn\u0103 pentru un look casual \u0219i \u00eendr\u0103zne\u021b<\/li>\n<li>Pantofi cu toc pentru un stil mai elegant \u0219i mai glamouros<\/li>\n<li>Sandale pentru un look u\u0219or, de var\u0103<\/li>\n<\/ul>\n<p>Apoi, g\u00e2nde\u0219te-te la gen\u021bi de m\u00e2n\u0103. O geant\u0103 de m\u00e2n\u0103 poate fi perfect\u0103 pentru ocazii speciale, \u00een timp ce o geant\u0103 de um\u0103r este ideal\u0103 pentru ie\u0219irile de zi cu zi. Nu uita de bijuterii: piesele delicate \u00ee\u021bi pot completa \u021binuta f\u0103r\u0103 a o cople\u0219i.<\/p>\n<h2>Concluzie<\/h2>\n<p>Alegerea jachetei potrivite care s\u0103 se asorteze cu rochia ta poate face toat\u0103 diferen\u021ba \u00een aspectul t\u0103u. \u00cen acest sezon, sacourile supradimensionate, jachetele de piele \u0219i trench-urile sunt alegeri esen\u021biale. Cu accesoriile potrivite, \u021binuta ta nu va fi doar elegant\u0103, ci \u0219i func\u021bional\u0103 pentru toate tipurile de evenimente. Simte-te liber s\u0103 explorezi diferite combina\u021bii \u0219i s\u0103 fii creativ. Stilul \u021bine de \u00eencredere, a\u0219a c\u0103 \u00eendr\u0103zne\u0219te s\u0103 experimentezi!<\/p>\n<h2>\u00centreb\u0103ri frecvente<\/h2>\n<ul>\n<li><strong>Care sunt cele mai bune culori de jachet\u0103 de purtat cu o rochie \u00een acest sezon?<\/strong>\n<ul>\n<li>Culorile neutre precum negrul, bejul \u0219i albul sunt \u00eentotdeauna alegeri sigure.<\/li>\n<li>Nuan\u021bele pastelate \u0219i culorile str\u0103lucitoare pot ad\u0103uga, de asemenea, o not\u0103 de prospe\u021bime.<\/li>\n<\/ul>\n<\/li>\n<li><strong>Cum s\u0103 alegi m\u0103rimea potrivit\u0103 a jachetei?<\/strong>\n<ul>\n<li>Alege o m\u0103rime care \u00ee\u021bi permite s\u0103 te mi\u0219ti liber.<\/li>\n<li>Sacourile supradimensionate ar trebui s\u0103 se drapeze f\u0103r\u0103 a fi prea voluminoase.<\/li>\n<li>Trench-urile ar trebui s\u0103 fie croite pe m\u0103rimea ta.<\/li>\n<\/ul>\n<\/li>\n<li><strong>Pot purta o jachet\u0103 de piele cu o rochie imprimat\u0103?<\/strong>\n<ul>\n<li>Absolut, o jachet\u0103 de piele poate ad\u0103uga o not\u0103 \u00eendr\u0103znea\u021b\u0103 unei rochii imprimate.<\/li>\n<li>Asigur\u0103-te c\u0103 culorile se potrivesc pentru a evita suprasolicitarea aspectului.<\/li>\n<\/ul>\n<\/li>\n<li><strong>Ce tipuri de rochii se potrivesc cel mai bine cu un trench?<\/strong>\n<ul>\n<li>Rochiile midi \u0219i maxi se potrivesc deosebit de bine cu un trench.<\/li>\n<li>Rochiile mulate pot fi, de asemenea, accentuate frumos.<\/li>\n<\/ul>\n<\/li>\n<li><strong>Pot s\u0103 accesorizez bijuterii c\u00e2nd port o jachet\u0103?<\/strong>\n<ul>\n<li>Da! Bijuteriile delicate pot ad\u0103uga o not\u0103 de elegan\u021b\u0103 \u021binutei tale f\u0103r\u0103 a o \u00eengreuna.<\/li>\n<li>Alege piese care nu concureaz\u0103 cu restul \u021binutei tale.<\/li>\n<\/ul>\n<\/li>\n<\/ul>","protected":false},"excerpt":{"rendered":"<p>C\u00e2nd temperaturile \u00eencep s\u0103 se schimbe, este esen\u021bial s\u0103 ne revizuim garderoba \u0219i s\u0103 ne reinvent\u0103m \u021binutele. Jachetele, adesea subestimate, pot cu adev\u0103rat...<\/p>","protected":false},"author":1,"featured_media":173,"comment_status":"closed","ping_status":"closed","sticky":false,"template":"","format":"standard","meta":{"_acf_changed":false,"footnotes":""},"categories":[1],"tags":[],"class_list":["post-196","post","type-post","status-publish","format-standard","has-post-thumbnail","hentry","category-blog"],"acf":[],"yoast_head":"<!-- This site is optimized with the Yoast SEO plugin v23.2 - https:\/\/yoast.com\/wordpress\/plugins\/seo\/ -->\n<title>Les vestes incontournables \u00e0 porter avec une robe : D\u00e9couvrez les tendances de la saison<\/title>\n<meta name=\"description\" content=\"D\u00e9couvrez les meilleures vestes pour sublimer vos robes cette saison, avec des conseils d&#039;accessoirisation et des combinaisons styl\u00e9es.\" \/>\n<meta name=\"robots\" content=\"index, follow, max-snippet:-1, max-image-preview:large, max-video-preview:-1\" \/>\n<link rel=\"canonical\" href=\"https:\/\/enlightennext.de\/ro\/les-vestes-incontournables-a-porter-avec-une-robe-cette-saison\/\" \/>\n<meta property=\"og:locale\" content=\"ro_RO\" \/>\n<meta property=\"og:type\" content=\"article\" \/>\n<meta property=\"og:title\" content=\"Les vestes incontournables \u00e0 porter avec une robe : D\u00e9couvrez les tendances de la saison\" \/>\n<meta property=\"og:description\" content=\"D\u00e9couvrez les meilleures vestes pour sublimer vos robes cette saison, avec des conseils d&#039;accessoirisation et des combinaisons styl\u00e9es.\" \/>\n<meta property=\"og:url\" content=\"https:\/\/enlightennext.de\/ro\/les-vestes-incontournables-a-porter-avec-une-robe-cette-saison\/\" \/>\n<meta property=\"og:site_name\" content=\"enlightennext.de\" \/>\n<meta property=\"article:published_time\" content=\"2025-04-14T23:00:00+00:00\" \/>\n<meta property=\"og:image\" content=\"https:\/\/enlightennext.de\/wp-content\/uploads\/2025\/04\/image1f77ca920efa4314baac2fea53b5cb5f.png\" \/>\n\t<meta property=\"og:image:width\" content=\"1024\" \/>\n\t<meta property=\"og:image:height\" content=\"768\" \/>\n\t<meta property=\"og:image:type\" content=\"image\/png\" \/>\n<meta name=\"author\" content=\"\u00c9va Morel\" \/>\n<meta name=\"twitter:card\" content=\"summary_large_image\" \/>\n<meta name=\"twitter:label1\" content=\"Scris de\" \/>\n\t<meta name=\"twitter:data1\" content=\"\u00c9va Morel\" \/>\n\t<meta name=\"twitter:label2\" content=\"Timp estimat pentru citire\" \/>\n\t<meta name=\"twitter:data2\" content=\"4 minute\" \/>\n<script type=\"application\/ld+json\" class=\"yoast-schema-graph\">{\"@context\":\"https:\/\/schema.org\",\"@graph\":[{\"@type\":\"WebPage\",\"@id\":\"https:\/\/enlightennext.de\/les-vestes-incontournables-a-porter-avec-une-robe-cette-saison\/\",\"url\":\"https:\/\/enlightennext.de\/les-vestes-incontournables-a-porter-avec-une-robe-cette-saison\/\",\"name\":\"Les vestes incontournables \u00e0 porter avec une robe : D\u00e9couvrez les tendances de la saison\",\"isPartOf\":{\"@id\":\"https:\/\/enlightennext.de\/#website\"},\"primaryImageOfPage\":{\"@id\":\"https:\/\/enlightennext.de\/les-vestes-incontournables-a-porter-avec-une-robe-cette-saison\/#primaryimage\"},\"image\":{\"@id\":\"https:\/\/enlightennext.de\/les-vestes-incontournables-a-porter-avec-une-robe-cette-saison\/#primaryimage\"},\"thumbnailUrl\":\"https:\/\/enlightennext.de\/wp-content\/uploads\/2025\/04\/image1f77ca920efa4314baac2fea53b5cb5f.png\",\"datePublished\":\"2025-04-14T23:00:00+00:00\",\"dateModified\":\"2025-04-14T23:00:00+00:00\",\"author\":{\"@id\":\"https:\/\/enlightennext.de\/#\/schema\/person\/6ea62a9f0cec1fbef503222ec19f4e12\"},\"description\":\"D\u00e9couvrez les meilleures vestes pour sublimer vos robes cette saison, avec des conseils d'accessoirisation et des combinaisons styl\u00e9es.\",\"breadcrumb\":{\"@id\":\"https:\/\/enlightennext.de\/les-vestes-incontournables-a-porter-avec-une-robe-cette-saison\/#breadcrumb\"},\"inLanguage\":\"ro-RO\",\"potentialAction\":[{\"@type\":\"ReadAction\",\"target\":[\"https:\/\/enlightennext.de\/les-vestes-incontournables-a-porter-avec-une-robe-cette-saison\/\"]}]},{\"@type\":\"ImageObject\",\"inLanguage\":\"ro-RO\",\"@id\":\"https:\/\/enlightennext.de\/les-vestes-incontournables-a-porter-avec-une-robe-cette-saison\/#primaryimage\",\"url\":\"https:\/\/enlightennext.de\/wp-content\/uploads\/2025\/04\/image1f77ca920efa4314baac2fea53b5cb5f.png\",\"contentUrl\":\"https:\/\/enlightennext.de\/wp-content\/uploads\/2025\/04\/image1f77ca920efa4314baac2fea53b5cb5f.png\",\"width\":1024,\"height\":768},{\"@type\":\"BreadcrumbList\",\"@id\":\"https:\/\/enlightennext.de\/les-vestes-incontournables-a-porter-avec-une-robe-cette-saison\/#breadcrumb\",\"itemListElement\":[{\"@type\":\"ListItem\",\"position\":1,\"name\":\"Home\",\"item\":\"https:\/\/enlightennext.de\/\"},{\"@type\":\"ListItem\",\"position\":2,\"name\":\"Les vestes incontournables \u00e0 porter avec une robe cette saison\"}]},{\"@type\":\"WebSite\",\"@id\":\"https:\/\/enlightennext.de\/#website\",\"url\":\"https:\/\/enlightennext.de\/\",\"name\":\"enlightennext.de\",\"description\":\"Secrets de Style: D\u00e9couvrez comment cr\u00e9er des tenues harmonieuses et modernes\",\"potentialAction\":[{\"@type\":\"SearchAction\",\"target\":{\"@type\":\"EntryPoint\",\"urlTemplate\":\"https:\/\/enlightennext.de\/?s={search_term_string}\"},\"query-input\":\"required name=search_term_string\"}],\"inLanguage\":\"ro-RO\"},{\"@type\":\"Person\",\"@id\":\"https:\/\/enlightennext.de\/#\/schema\/person\/6ea62a9f0cec1fbef503222ec19f4e12\",\"name\":\"\u00c9va Morel\",\"image\":{\"@type\":\"ImageObject\",\"inLanguage\":\"ro-RO\",\"@id\":\"https:\/\/enlightennext.de\/#\/schema\/person\/image\/\",\"url\":\"https:\/\/enlightennext.de\/wp-content\/uploads\/2025\/02\/zorllnzxod4_ad_avatar-96x96.jpg\",\"contentUrl\":\"https:\/\/enlightennext.de\/wp-content\/uploads\/2025\/02\/zorllnzxod4_ad_avatar-96x96.jpg\",\"caption\":\"\u00c9va Morel\"},\"description\":\"Je m\u2019appelle \u00c9va Morel, styliste et r\u00e9dactrice mode passionn\u00e9e, originaire de Bordeaux. J\u2019accompagne chacun \u00e0 affirmer son style avec des pi\u00e8ces r\u00e9fl\u00e9chies et authentiques. Mon objectif ? Inspirer une mode responsable et personnalis\u00e9e, o\u00f9 chaque tenue refl\u00e8te la singularit\u00e9 de celui ou celle qui la porte.\",\"url\":\"https:\/\/enlightennext.de\/ro\/author\/eva-morel\/\"}]}<\/script>\n<!-- \/ Yoast SEO plugin. -->","yoast_head_json":{"title":"Les vestes incontournables \u00e0 porter avec une robe : D\u00e9couvrez les tendances de la saison","description":"D\u00e9couvrez les meilleures vestes pour sublimer vos robes cette saison, avec des conseils d'accessoirisation et des combinaisons styl\u00e9es.","robots":{"index":"index","follow":"follow","max-snippet":"max-snippet:-1","max-image-preview":"max-image-preview:large","max-video-preview":"max-video-preview:-1"},"canonical":"https:\/\/enlightennext.de\/ro\/les-vestes-incontournables-a-porter-avec-une-robe-cette-saison\/","og_locale":"ro_RO","og_type":"article","og_title":"Les vestes incontournables \u00e0 porter avec une robe : D\u00e9couvrez les tendances de la saison","og_description":"D\u00e9couvrez les meilleures vestes pour sublimer vos robes cette saison, avec des conseils d'accessoirisation et des combinaisons styl\u00e9es.","og_url":"https:\/\/enlightennext.de\/ro\/les-vestes-incontournables-a-porter-avec-une-robe-cette-saison\/","og_site_name":"enlightennext.de","article_published_time":"2025-04-14T23:00:00+00:00","og_image":[{"width":1024,"height":768,"url":"https:\/\/enlightennext.de\/wp-content\/uploads\/2025\/04\/image1f77ca920efa4314baac2fea53b5cb5f.png","type":"image\/png"}],"author":"\u00c9va Morel","twitter_card":"summary_large_image","twitter_misc":{"Scris de":"\u00c9va Morel","Timp estimat pentru citire":"4 minute"},"schema":{"@context":"https:\/\/schema.org","@graph":[{"@type":"WebPage","@id":"https:\/\/enlightennext.de\/les-vestes-incontournables-a-porter-avec-une-robe-cette-saison\/","url":"https:\/\/enlightennext.de\/les-vestes-incontournables-a-porter-avec-une-robe-cette-saison\/","name":"Les vestes incontournables \u00e0 porter avec une robe : D\u00e9couvrez les tendances de la saison","isPartOf":{"@id":"https:\/\/enlightennext.de\/#website"},"primaryImageOfPage":{"@id":"https:\/\/enlightennext.de\/les-vestes-incontournables-a-porter-avec-une-robe-cette-saison\/#primaryimage"},"image":{"@id":"https:\/\/enlightennext.de\/les-vestes-incontournables-a-porter-avec-une-robe-cette-saison\/#primaryimage"},"thumbnailUrl":"https:\/\/enlightennext.de\/wp-content\/uploads\/2025\/04\/image1f77ca920efa4314baac2fea53b5cb5f.png","datePublished":"2025-04-14T23:00:00+00:00","dateModified":"2025-04-14T23:00:00+00:00","author":{"@id":"https:\/\/enlightennext.de\/#\/schema\/person\/6ea62a9f0cec1fbef503222ec19f4e12"},"description":"D\u00e9couvrez les meilleures vestes pour sublimer vos robes cette saison, avec des conseils d'accessoirisation et des combinaisons styl\u00e9es.","breadcrumb":{"@id":"https:\/\/enlightennext.de\/les-vestes-incontournables-a-porter-avec-une-robe-cette-saison\/#breadcrumb"},"inLanguage":"ro-RO","potentialAction":[{"@type":"ReadAction","target":["https:\/\/enlightennext.de\/les-vestes-incontournables-a-porter-avec-une-robe-cette-saison\/"]}]},{"@type":"ImageObject","inLanguage":"ro-RO","@id":"https:\/\/enlightennext.de\/les-vestes-incontournables-a-porter-avec-une-robe-cette-saison\/#primaryimage","url":"https:\/\/enlightennext.de\/wp-content\/uploads\/2025\/04\/image1f77ca920efa4314baac2fea53b5cb5f.png","contentUrl":"https:\/\/enlightennext.de\/wp-content\/uploads\/2025\/04\/image1f77ca920efa4314baac2fea53b5cb5f.png","width":1024,"height":768},{"@type":"BreadcrumbList","@id":"https:\/\/enlightennext.de\/les-vestes-incontournables-a-porter-avec-une-robe-cette-saison\/#breadcrumb","itemListElement":[{"@type":"ListItem","position":1,"name":"Home","item":"https:\/\/enlightennext.de\/"},{"@type":"ListItem","position":2,"name":"Les vestes incontournables \u00e0 porter avec une robe cette saison"}]},{"@type":"WebSite","@id":"https:\/\/enlightennext.de\/#website","url":"https:\/\/enlightennext.de\/","name":"enlightennext.de","description":"Secrets de Style: D\u00e9couvrez comment cr\u00e9er des tenues harmonieuses et modernes","potentialAction":[{"@type":"SearchAction","target":{"@type":"EntryPoint","urlTemplate":"https:\/\/enlightennext.de\/?s={search_term_string}"},"query-input":"required name=search_term_string"}],"inLanguage":"ro-RO"},{"@type":"Person","@id":"https:\/\/enlightennext.de\/#\/schema\/person\/6ea62a9f0cec1fbef503222ec19f4e12","name":"\u00c9va Morel","image":{"@type":"ImageObject","inLanguage":"ro-RO","@id":"https:\/\/enlightennext.de\/#\/schema\/person\/image\/","url":"https:\/\/enlightennext.de\/wp-content\/uploads\/2025\/02\/zorllnzxod4_ad_avatar-96x96.jpg","contentUrl":"https:\/\/enlightennext.de\/wp-content\/uploads\/2025\/02\/zorllnzxod4_ad_avatar-96x96.jpg","caption":"\u00c9va Morel"},"description":"Je m\u2019appelle \u00c9va Morel, styliste et r\u00e9dactrice mode passionn\u00e9e, originaire de Bordeaux. J\u2019accompagne chacun \u00e0 affirmer son style avec des pi\u00e8ces r\u00e9fl\u00e9chies et authentiques. Mon objectif ? Inspirer une mode responsable et personnalis\u00e9e, o\u00f9 chaque tenue refl\u00e8te la singularit\u00e9 de celui ou celle qui la porte.","url":"https:\/\/enlightennext.de\/ro\/author\/eva-morel\/"}]}},"yoast_meta":{"yoast_wpseo_title":"","yoast_wpseo_metadesc":"","yoast_wpseo_canonical":"https:\/\/enlightennext.de\/ro\/wp-json\/wp\/v2\/posts\/196"},"_links":{"self":[{"href":"https:\/\/enlightennext.de\/ro\/wp-json\/wp\/v2\/posts\/196","targetHints":{"allow":["GET"]}}],"collection":[{"href":"https:\/\/enlightennext.de\/ro\/wp-json\/wp\/v2\/posts"}],"about":[{"href":"https:\/\/enlightennext.de\/ro\/wp-json\/wp\/v2\/types\/post"}],"author":[{"embeddable":true,"href":"https:\/\/enlightennext.de\/ro\/wp-json\/wp\/v2\/users\/1"}],"replies":[{"embeddable":true,"href":"https:\/\/enlightennext.de\/ro\/wp-json\/wp\/v2\/comments?post=196"}],"version-history":[{"count":1,"href":"https:\/\/enlightennext.de\/ro\/wp-json\/wp\/v2\/posts\/196\/revisions"}],"predecessor-version":[{"id":210,"href":"https:\/\/enlightennext.de\/ro\/wp-json\/wp\/v2\/posts\/196\/revisions\/210"}],"wp:featuredmedia":[{"embeddable":true,"href":"https:\/\/enlightennext.de\/ro\/wp-json\/wp\/v2\/media\/173"}],"wp:attachment":[{"href":"https:\/\/enlightennext.de\/ro\/wp-json\/wp\/v2\/media?parent=196"}],"wp:term":[{"taxonomy":"category","embeddable":true,"href":"https:\/\/enlightennext.de\/ro\/wp-json\/wp\/v2\/categories?post=196"},{"taxonomy":"post_tag","embeddable":true,"href":"https:\/\/enlightennext.de\/ro\/wp-json\/wp\/v2\/tags?post=196"}],"curies":[{"name":"wp","href":"https:\/\/api.w.org\/{rel}","templated":true}]}}