{"id":148,"date":"2025-03-27T00:00:00","date_gmt":"2025-03-27T00:00:00","guid":{"rendered":"https:\/\/enlightennext.de\/?p=148"},"modified":"2025-03-27T00:00:00","modified_gmt":"2025-03-27T00:00:00","slug":"les-vetements-de-luxe-comment-les-porter-sans-en-faire-trop","status":"publish","type":"post","link":"https:\/\/enlightennext.de\/ro\/les-vetements-de-luxe-comment-les-porter-sans-en-faire-trop\/","title":{"rendered":"\u00cembr\u0103c\u0103minte de lux: Cum s\u0103 o por\u021bi f\u0103r\u0103 a exagera"},"content":{"rendered":"<div class=\"kk-star-ratings kksr-auto kksr-align-left kksr-valign-top\"\n    data-payload='{&quot;align&quot;:&quot;left&quot;,&quot;id&quot;:&quot;148&quot;,&quot;slug&quot;:&quot;default&quot;,&quot;valign&quot;:&quot;top&quot;,&quot;ignore&quot;:&quot;&quot;,&quot;reference&quot;:&quot;auto&quot;,&quot;class&quot;:&quot;&quot;,&quot;count&quot;:&quot;0&quot;,&quot;legendonly&quot;:&quot;&quot;,&quot;readonly&quot;:&quot;&quot;,&quot;score&quot;:&quot;0&quot;,&quot;starsonly&quot;:&quot;&quot;,&quot;best&quot;:&quot;5&quot;,&quot;gap&quot;:&quot;5&quot;,&quot;greet&quot;:&quot;Rate this post&quot;,&quot;legend&quot;:&quot;0\\\/5 - (0 votes)&quot;,&quot;size&quot;:&quot;24&quot;,&quot;title&quot;:&quot;Les v\u00eatements de luxe: Comment les porter sans en faire trop&quot;,&quot;width&quot;:&quot;0&quot;,&quot;_legend&quot;:&quot;{score}\\\/{best} - ({count} {votes})&quot;,&quot;font_factor&quot;:&quot;1.25&quot;}'>\n            \n<div class=\"kksr-stars\">\n    \n<div class=\"kksr-stars-inactive\">\n            <div class=\"kksr-star\" data-star=\"1\" style=\"padding-right: 5px\">\n            \n\n<div class=\"kksr-icon\" style=\"width: 24px; height: 24px;\"><\/div>\n        <\/div>\n            <div class=\"kksr-star\" data-star=\"2\" style=\"padding-right: 5px\">\n            \n\n<div class=\"kksr-icon\" style=\"width: 24px; height: 24px;\"><\/div>\n        <\/div>\n            <div class=\"kksr-star\" data-star=\"3\" style=\"padding-right: 5px\">\n            \n\n<div class=\"kksr-icon\" style=\"width: 24px; height: 24px;\"><\/div>\n        <\/div>\n            <div class=\"kksr-star\" data-star=\"4\" style=\"padding-right: 5px\">\n            \n\n<div class=\"kksr-icon\" style=\"width: 24px; height: 24px;\"><\/div>\n        <\/div>\n            <div class=\"kksr-star\" data-star=\"5\" style=\"padding-right: 5px\">\n            \n\n<div class=\"kksr-icon\" style=\"width: 24px; height: 24px;\"><\/div>\n        <\/div>\n    <\/div>\n    \n<div class=\"kksr-stars-active\" style=\"width: 0px;\">\n            <div class=\"kksr-star\" style=\"padding-right: 5px\">\n            \n\n<div class=\"kksr-icon\" style=\"width: 24px; height: 24px;\"><\/div>\n        <\/div>\n            <div class=\"kksr-star\" style=\"padding-right: 5px\">\n            \n\n<div class=\"kksr-icon\" style=\"width: 24px; height: 24px;\"><\/div>\n        <\/div>\n            <div class=\"kksr-star\" style=\"padding-right: 5px\">\n            \n\n<div class=\"kksr-icon\" style=\"width: 24px; height: 24px;\"><\/div>\n        <\/div>\n            <div class=\"kksr-star\" style=\"padding-right: 5px\">\n            \n\n<div class=\"kksr-icon\" style=\"width: 24px; height: 24px;\"><\/div>\n        <\/div>\n            <div class=\"kksr-star\" style=\"padding-right: 5px\">\n            \n\n<div class=\"kksr-icon\" style=\"width: 24px; height: 24px;\"><\/div>\n        <\/div>\n    <\/div>\n<\/div>\n                \n\n<div class=\"kksr-legend\" style=\"font-size: 19.2px;\">\n            <span class=\"kksr-muted\">Evalueaz\u0103 aceast\u0103 postare<\/span>\n    <\/div>\n    <\/div>\n<p> \u00centr-o epoc\u0103 \u00een care stilul a devenit o form\u0103 de exprimare personal\u0103, este crucial s\u0103 st\u0103p\u00e2ne\u0219ti arta luxului f\u0103r\u0103 a c\u0103dea vreodat\u0103 \u00een exces. De\u0219i brandurile de lux poart\u0103 o anumit\u0103 promisiune de elegan\u021b\u0103 \u0219i rafinament, provocarea const\u0103 \u00een modul \u00een care s\u0103 le integrezi \u00een via\u021ba de zi cu zi f\u0103r\u0103 a exagera. Este vorba despre g\u0103sirea unui echilibru subtil care s\u0103 \u00ee\u021bi permit\u0103 s\u0103 fii at\u00e2t \u0219ic, c\u00e2t \u0219i casual. Fie c\u0103 este vorba de o ie\u0219ire \u00een ora\u0219 cu prietenii sau de o \u00eent\u00e2lnire de afaceri, hainele de lux se pot adapta oric\u0103rei circumstan\u021be atunci c\u00e2nd sunt purtate \u00een mod corect. Iat\u0103 c\u00e2teva sfaturi care te vor ajuta s\u0103 navighezi \u00een lumea hainelor de lux, r\u0103m\u00e2n\u00e2nd \u00een acela\u0219i timp fidel stilului t\u0103u personal. <\/p>\n<p> Primul pas este alegerea pieselor potrivite. Alegerea hainelor atemporale \u0219i versatile face mai u\u0219oar\u0103 \u00eencorporarea luxului \u00een \u021binutele tale de zi cu zi. De multe ori este mai \u00een\u021belept s\u0103 investe\u0219ti \u00een articole de baz\u0103 de calitate, care vor rezista de-a lungul anotimpurilor, dec\u00e2t s\u0103 te la\u0219i prad\u0103 tendin\u021belor trec\u0103toare. Lua\u021bi \u00een considerare posibilit\u0103\u021bile oferite de \u021bes\u0103turile rafinate care, de\u0219i luxoase, pot fi u\u0219or combinate cu piese mai casual. Urm\u00e2nd aceste sfaturi, vei fi pe calea cea bun\u0103 c\u0103tre un stil elegant \u0219i accesibil. <\/p>\n<h2>Alegerea pieselor potrivite<\/h2>\n<p><img decoding=\"async\" alt=\"Un sac \u00e0 main blanc, des escarpins roses et des accessoires \u00e9l\u00e9gants sur une table lumineuse.\" src=\"https:\/\/enlightennext.de\/wp-content\/uploads\/2025\/03\/imagea40224dedec5403185aabf0cf0e6d037.png\"\/><\/p>\n<p> Pentru a evita exager\u0103rile, este esen\u021bial s\u0103 alegi piese atemporale \u0219i versatile, care pot fi purtate \u00eentr-o varietate de situa\u021bii. Aceste piese ar trebui s\u0103 poat\u0103 fi u\u0219or combinate cu hainele de zi cu zi, asigur\u00e2nd un aspect sofisticat f\u0103r\u0103 a fi prea elaborate. C\u00e2nd vine vorba de lux, calitatea ar trebui s\u0103 fie mai important\u0103 dec\u00e2t cantitatea. Iat\u0103 c\u00e2teva elemente esen\u021biale de luat \u00een considerare atunci c\u00e2nd \u00ee\u021bi creezi garderoba de lux: <\/p>\n<ul>\n<li>O c\u0103ma\u0219\u0103 de m\u0103tase care adaug\u0103 o not\u0103 de lux, r\u0103m\u00e2n\u00e2nd \u00een acela\u0219i timp clasic\u0103.<\/li>\n<li>Un trench din ca\u0219mir, perfect pentru zilele r\u0103coroase \u0219i elegant \u00een acela\u0219i timp.<\/li>\n<li>Pantaloni bine croi\u021bi, care se potrivesc oric\u0103rei siluete.<\/li>\n<\/ul>\n<h2>Arta stratific\u0103rii<\/h2>\n<p><img decoding=\"async\" alt=\"Une femme au pull beige et jupe verte pose dans un salon lumineux, entour\u00e9e de livres et de d\u00e9corations.\" src=\"https:\/\/enlightennext.de\/wp-content\/uploads\/2025\/03\/imagefba270897cad4f979b4da0050a07eadf.png\"\/><\/p>\n<p> Suprapunerea este o tehnic\u0103 popular\u0103 care v\u0103 permite s\u0103 crea\u021bi look-uri elegante \u0219i casual, pun\u00e2nd \u00een acela\u0219i timp \u00een valoare piesele de lux. Necesit\u0103 pu\u021bin\u0103 practic\u0103, dar rezultatele merit\u0103. Trucul aici este s\u0103 alegi culori neutre care se \u00eembin\u0103 u\u0219or \u0219i s\u0103 te joci cu texturile. Prin varia\u021bia straturilor, po\u021bi ad\u0103uga o not\u0103 de sofisticare \u021binutelor tale de zi cu zi, men\u021bin\u00e2nd \u00een acela\u0219i timp un aspect casual. <\/p>\n<p> Pentru a ob\u021bine o stratificare reu\u0219it\u0103, lua\u021bi \u00een considerare combina\u021bii precum: <\/p>\n<table border=\"1\">\n<tr>\n<th>\u00cembr\u0103c\u0103minte de lux<\/th>\n<th>Accesorii asociate<\/th>\n<\/tr>\n<tr>\n<td>Pulover de l\u00e2n\u0103<\/td>\n<td>Colier \u0219i e\u0219arf\u0103 delicate<\/td>\n<\/tr>\n<tr>\n<td>Rochie elegant\u0103<\/td>\n<td>Geac\u0103 de piele \u0219i pantofi casual<\/td>\n<\/tr>\n<tr>\n<td>Pantaloni la mod\u0103<\/td>\n<td>Sacou structurat \u0219i geant\u0103 de um\u0103r<\/td>\n<\/tr>\n<\/table>\n<p> Prin integrarea cu aten\u021bie a acestor piese, po\u021bi crea ansambluri captivante care \u00ee\u021bi pun \u00een valoare sim\u021bul gustului. Nu uita, scopul este s\u0103-\u021bi exprimi stilul f\u0103r\u0103 a p\u0103rea suprasolicitat. Un echilibru bun \u00eentre lux \u0219i elemente mai practice poate face toat\u0103 diferen\u021ba. <\/p>\n<h2>Accesorizeaz\u0103-te cu \u00een\u021belepciune<\/h2>\n<p> Accesoriile joac\u0103 un rol fundamental \u00een valorificarea hainelor de lux. Totu\u0219i, este crucial s\u0103 le alege\u021bi cu aten\u021bie pentru a evita exagerarea \u0219i a atrage prea mult\u0103 aten\u021bie. \u00centr-adev\u0103r, prea multe accesorii pot transforma rapid un aspect sofisticat \u00een ceva supra\u00eenc\u0103rcat \u0219i dezordonat. Pentru un look armonios, cel mai bine este s\u0103 optezi pentru piese care \u00ee\u021bi completeaz\u0103 \u021binuta, r\u0103m\u00e2n\u00e2nd \u00een acela\u0219i timp discrete. <\/p>\n<p> Iat\u0103 c\u00e2teva sugestii de accesorii care \u00ee\u021bi pot perfec\u021biona aspectul f\u0103r\u0103 a-l \u00eengreuna: <\/p>\n<ul>\n<li>O geant\u0103 minimalist\u0103 care adaug\u0103 o not\u0103 de rafinament.<\/li>\n<li>Bijuterii discrete \u0219i elegante care adaug\u0103 str\u0103lucire f\u0103r\u0103 a fi prea puternice.<\/li>\n<li>O pereche de pantofi rafina\u021bi, dar confortabili, care s\u0103-\u021bi completeze \u021binuta.<\/li>\n<\/ul>\n<h2>Concluzie<\/h2>\n<p> A purta haine de lux este o art\u0103 care necesit\u0103 fine\u021be \u0219i gust. Aleg\u00e2ndu-\u021bi cu \u00een\u021belepciune piesele vestimentare, st\u0103p\u00e2nind arta suprapunerii \u0219i accesoriz\u00e2nd-o cu \u00een\u021belepciune, po\u021bi afi\u0219a o elegan\u021b\u0103 discret\u0103 care cu siguran\u021b\u0103 va impresiona. Nu uita c\u0103 luxul ar trebui s\u0103 serveasc\u0103 \u00een primul r\u00e2nd la accentuarea personalit\u0103\u021bii tale, nu la ascunderea ei. Cheia este atitudinea pe care o adop\u021bi atunci c\u00e2nd por\u021bi aceste haine. Fii \u00eencrez\u0103toare \u0219i distreaz\u0103-te experiment\u00e2nd cu diferite look-uri; Elegan\u021ba este o chestiune de stil personal \u0219i autenticitate. <\/p>\n<h2>\u00centreb\u0103ri frecvente<\/h2>\n<ul>\n<li><strong>Ce materiale ar trebui s\u0103 alegi pentru un aspect luxos?<\/strong> Materiale precum m\u0103tasea, ca\u0219mirul \u0219i l\u00e2na sunt ideale pentru un aspect rafinat.<\/li>\n<li><strong>Cum s\u0103 evi\u021bi s\u0103 pari \u00eembr\u0103cat excesiv?<\/strong> Combin\u0103 haine de lux cu piese casual pentru un echilibru perfect.<\/li>\n<li><strong>Sunt hainele de lux potrivite pentru toate ocaziile?<\/strong> Da, at\u00e2ta timp c\u00e2t adaptezi piesele pentru a se potrivi contextului \u0219i st\u0103rii de spirit.<\/li>\n<li><strong>Cum s\u0103 ai grij\u0103 de hainele tale de lux?<\/strong> Urma\u021bi instruc\u021biunile de \u00eengrijire de pe etichete \u0219i opta\u021bi pentru o cur\u0103\u021bare profesional\u0103, dac\u0103 este necesar.<\/li>\n<li><strong>Putem purta haine de lux \u00een fiecare zi?<\/strong> Absolut, aleg\u00e2nd piese potrivite \u0219i combin\u00e2ndu-le cu haine mai casual.<\/li>\n<\/ul>","protected":false},"excerpt":{"rendered":"<p>\u00centr-o epoc\u0103 \u00een care stilul a devenit o form\u0103 de exprimare personal\u0103, este crucial s\u0103 st\u0103p\u00e2ne\u0219ti arta luxului f\u0103r\u0103 a c\u0103dea vreodat\u0103 \u00een...<\/p>","protected":false},"author":1,"featured_media":118,"comment_status":"open","ping_status":"open","sticky":false,"template":"","format":"standard","meta":{"_acf_changed":false,"footnotes":""},"categories":[1],"tags":[],"class_list":["post-148","post","type-post","status-publish","format-standard","has-post-thumbnail","hentry","category-blog"],"acf":[],"yoast_head":"<!-- This site is optimized with the Yoast SEO plugin v23.2 - https:\/\/yoast.com\/wordpress\/plugins\/seo\/ -->\n<title>Les v\u00eatements de luxe : Guide pour les porter avec \u00e9l\u00e9gance<\/title>\n<meta name=\"description\" content=\"D\u00e9couvrez comment int\u00e9grer des v\u00eatements de luxe dans votre quotidien tout en restant chic et subtil. Conseils pratiques \u00e0 l&#039;int\u00e9rieur !\" \/>\n<meta name=\"robots\" content=\"index, follow, max-snippet:-1, max-image-preview:large, max-video-preview:-1\" \/>\n<link rel=\"canonical\" href=\"https:\/\/enlightennext.de\/ro\/les-vetements-de-luxe-comment-les-porter-sans-en-faire-trop\/\" \/>\n<meta property=\"og:locale\" content=\"ro_RO\" \/>\n<meta property=\"og:type\" content=\"article\" \/>\n<meta property=\"og:title\" content=\"Les v\u00eatements de luxe : Guide pour les porter avec \u00e9l\u00e9gance\" \/>\n<meta property=\"og:description\" content=\"D\u00e9couvrez comment int\u00e9grer des v\u00eatements de luxe dans votre quotidien tout en restant chic et subtil. Conseils pratiques \u00e0 l&#039;int\u00e9rieur !\" \/>\n<meta property=\"og:url\" content=\"https:\/\/enlightennext.de\/ro\/les-vetements-de-luxe-comment-les-porter-sans-en-faire-trop\/\" \/>\n<meta property=\"og:site_name\" content=\"enlightennext.de\" \/>\n<meta property=\"article:published_time\" content=\"2025-03-27T00:00:00+00:00\" \/>\n<meta property=\"og:image\" content=\"https:\/\/enlightennext.de\/wp-content\/uploads\/2025\/03\/image51819a99b8c048778311589d62697462.png\" \/>\n\t<meta property=\"og:image:width\" content=\"1024\" \/>\n\t<meta property=\"og:image:height\" content=\"768\" \/>\n\t<meta property=\"og:image:type\" content=\"image\/png\" \/>\n<meta name=\"author\" content=\"\u00c9va Morel\" \/>\n<meta name=\"twitter:card\" content=\"summary_large_image\" \/>\n<meta name=\"twitter:label1\" content=\"Scris de\" \/>\n\t<meta name=\"twitter:data1\" content=\"\u00c9va Morel\" \/>\n\t<meta name=\"twitter:label2\" content=\"Timp estimat pentru citire\" \/>\n\t<meta name=\"twitter:data2\" content=\"4 minute\" \/>\n<script type=\"application\/ld+json\" class=\"yoast-schema-graph\">{\"@context\":\"https:\/\/schema.org\",\"@graph\":[{\"@type\":\"WebPage\",\"@id\":\"https:\/\/enlightennext.de\/les-vetements-de-luxe-comment-les-porter-sans-en-faire-trop\/\",\"url\":\"https:\/\/enlightennext.de\/les-vetements-de-luxe-comment-les-porter-sans-en-faire-trop\/\",\"name\":\"Les v\u00eatements de luxe : Guide pour les porter avec \u00e9l\u00e9gance\",\"isPartOf\":{\"@id\":\"https:\/\/enlightennext.de\/#website\"},\"primaryImageOfPage\":{\"@id\":\"https:\/\/enlightennext.de\/les-vetements-de-luxe-comment-les-porter-sans-en-faire-trop\/#primaryimage\"},\"image\":{\"@id\":\"https:\/\/enlightennext.de\/les-vetements-de-luxe-comment-les-porter-sans-en-faire-trop\/#primaryimage\"},\"thumbnailUrl\":\"https:\/\/enlightennext.de\/wp-content\/uploads\/2025\/03\/image51819a99b8c048778311589d62697462.png\",\"datePublished\":\"2025-03-27T00:00:00+00:00\",\"dateModified\":\"2025-03-27T00:00:00+00:00\",\"author\":{\"@id\":\"https:\/\/enlightennext.de\/#\/schema\/person\/6ea62a9f0cec1fbef503222ec19f4e12\"},\"description\":\"D\u00e9couvrez comment int\u00e9grer des v\u00eatements de luxe dans votre quotidien tout en restant chic et subtil. Conseils pratiques \u00e0 l'int\u00e9rieur !\",\"breadcrumb\":{\"@id\":\"https:\/\/enlightennext.de\/les-vetements-de-luxe-comment-les-porter-sans-en-faire-trop\/#breadcrumb\"},\"inLanguage\":\"ro-RO\",\"potentialAction\":[{\"@type\":\"ReadAction\",\"target\":[\"https:\/\/enlightennext.de\/les-vetements-de-luxe-comment-les-porter-sans-en-faire-trop\/\"]}]},{\"@type\":\"ImageObject\",\"inLanguage\":\"ro-RO\",\"@id\":\"https:\/\/enlightennext.de\/les-vetements-de-luxe-comment-les-porter-sans-en-faire-trop\/#primaryimage\",\"url\":\"https:\/\/enlightennext.de\/wp-content\/uploads\/2025\/03\/image51819a99b8c048778311589d62697462.png\",\"contentUrl\":\"https:\/\/enlightennext.de\/wp-content\/uploads\/2025\/03\/image51819a99b8c048778311589d62697462.png\",\"width\":1024,\"height\":768},{\"@type\":\"BreadcrumbList\",\"@id\":\"https:\/\/enlightennext.de\/les-vetements-de-luxe-comment-les-porter-sans-en-faire-trop\/#breadcrumb\",\"itemListElement\":[{\"@type\":\"ListItem\",\"position\":1,\"name\":\"Home\",\"item\":\"https:\/\/enlightennext.de\/\"},{\"@type\":\"ListItem\",\"position\":2,\"name\":\"Les v\u00eatements de luxe: Comment les porter sans en faire trop\"}]},{\"@type\":\"WebSite\",\"@id\":\"https:\/\/enlightennext.de\/#website\",\"url\":\"https:\/\/enlightennext.de\/\",\"name\":\"enlightennext.de\",\"description\":\"Secrets de Style: D\u00e9couvrez comment cr\u00e9er des tenues harmonieuses et modernes\",\"potentialAction\":[{\"@type\":\"SearchAction\",\"target\":{\"@type\":\"EntryPoint\",\"urlTemplate\":\"https:\/\/enlightennext.de\/?s={search_term_string}\"},\"query-input\":\"required name=search_term_string\"}],\"inLanguage\":\"ro-RO\"},{\"@type\":\"Person\",\"@id\":\"https:\/\/enlightennext.de\/#\/schema\/person\/6ea62a9f0cec1fbef503222ec19f4e12\",\"name\":\"\u00c9va Morel\",\"image\":{\"@type\":\"ImageObject\",\"inLanguage\":\"ro-RO\",\"@id\":\"https:\/\/enlightennext.de\/#\/schema\/person\/image\/\",\"url\":\"https:\/\/enlightennext.de\/wp-content\/uploads\/2025\/02\/zorllnzxod4_ad_avatar-96x96.jpg\",\"contentUrl\":\"https:\/\/enlightennext.de\/wp-content\/uploads\/2025\/02\/zorllnzxod4_ad_avatar-96x96.jpg\",\"caption\":\"\u00c9va Morel\"},\"description\":\"Je m\u2019appelle \u00c9va Morel, styliste et r\u00e9dactrice mode passionn\u00e9e, originaire de Bordeaux. J\u2019accompagne chacun \u00e0 affirmer son style avec des pi\u00e8ces r\u00e9fl\u00e9chies et authentiques. Mon objectif ? Inspirer une mode responsable et personnalis\u00e9e, o\u00f9 chaque tenue refl\u00e8te la singularit\u00e9 de celui ou celle qui la porte.\",\"url\":\"https:\/\/enlightennext.de\/ro\/author\/eva-morel\/\"}]}<\/script>\n<!-- \/ Yoast SEO plugin. -->","yoast_head_json":{"title":"Les v\u00eatements de luxe : Guide pour les porter avec \u00e9l\u00e9gance","description":"D\u00e9couvrez comment int\u00e9grer des v\u00eatements de luxe dans votre quotidien tout en restant chic et subtil. Conseils pratiques \u00e0 l'int\u00e9rieur !","robots":{"index":"index","follow":"follow","max-snippet":"max-snippet:-1","max-image-preview":"max-image-preview:large","max-video-preview":"max-video-preview:-1"},"canonical":"https:\/\/enlightennext.de\/ro\/les-vetements-de-luxe-comment-les-porter-sans-en-faire-trop\/","og_locale":"ro_RO","og_type":"article","og_title":"Les v\u00eatements de luxe : Guide pour les porter avec \u00e9l\u00e9gance","og_description":"D\u00e9couvrez comment int\u00e9grer des v\u00eatements de luxe dans votre quotidien tout en restant chic et subtil. Conseils pratiques \u00e0 l'int\u00e9rieur !","og_url":"https:\/\/enlightennext.de\/ro\/les-vetements-de-luxe-comment-les-porter-sans-en-faire-trop\/","og_site_name":"enlightennext.de","article_published_time":"2025-03-27T00:00:00+00:00","og_image":[{"width":1024,"height":768,"url":"https:\/\/enlightennext.de\/wp-content\/uploads\/2025\/03\/image51819a99b8c048778311589d62697462.png","type":"image\/png"}],"author":"\u00c9va Morel","twitter_card":"summary_large_image","twitter_misc":{"Scris de":"\u00c9va Morel","Timp estimat pentru citire":"4 minute"},"schema":{"@context":"https:\/\/schema.org","@graph":[{"@type":"WebPage","@id":"https:\/\/enlightennext.de\/les-vetements-de-luxe-comment-les-porter-sans-en-faire-trop\/","url":"https:\/\/enlightennext.de\/les-vetements-de-luxe-comment-les-porter-sans-en-faire-trop\/","name":"Les v\u00eatements de luxe : Guide pour les porter avec \u00e9l\u00e9gance","isPartOf":{"@id":"https:\/\/enlightennext.de\/#website"},"primaryImageOfPage":{"@id":"https:\/\/enlightennext.de\/les-vetements-de-luxe-comment-les-porter-sans-en-faire-trop\/#primaryimage"},"image":{"@id":"https:\/\/enlightennext.de\/les-vetements-de-luxe-comment-les-porter-sans-en-faire-trop\/#primaryimage"},"thumbnailUrl":"https:\/\/enlightennext.de\/wp-content\/uploads\/2025\/03\/image51819a99b8c048778311589d62697462.png","datePublished":"2025-03-27T00:00:00+00:00","dateModified":"2025-03-27T00:00:00+00:00","author":{"@id":"https:\/\/enlightennext.de\/#\/schema\/person\/6ea62a9f0cec1fbef503222ec19f4e12"},"description":"D\u00e9couvrez comment int\u00e9grer des v\u00eatements de luxe dans votre quotidien tout en restant chic et subtil. Conseils pratiques \u00e0 l'int\u00e9rieur !","breadcrumb":{"@id":"https:\/\/enlightennext.de\/les-vetements-de-luxe-comment-les-porter-sans-en-faire-trop\/#breadcrumb"},"inLanguage":"ro-RO","potentialAction":[{"@type":"ReadAction","target":["https:\/\/enlightennext.de\/les-vetements-de-luxe-comment-les-porter-sans-en-faire-trop\/"]}]},{"@type":"ImageObject","inLanguage":"ro-RO","@id":"https:\/\/enlightennext.de\/les-vetements-de-luxe-comment-les-porter-sans-en-faire-trop\/#primaryimage","url":"https:\/\/enlightennext.de\/wp-content\/uploads\/2025\/03\/image51819a99b8c048778311589d62697462.png","contentUrl":"https:\/\/enlightennext.de\/wp-content\/uploads\/2025\/03\/image51819a99b8c048778311589d62697462.png","width":1024,"height":768},{"@type":"BreadcrumbList","@id":"https:\/\/enlightennext.de\/les-vetements-de-luxe-comment-les-porter-sans-en-faire-trop\/#breadcrumb","itemListElement":[{"@type":"ListItem","position":1,"name":"Home","item":"https:\/\/enlightennext.de\/"},{"@type":"ListItem","position":2,"name":"Les v\u00eatements de luxe: Comment les porter sans en faire trop"}]},{"@type":"WebSite","@id":"https:\/\/enlightennext.de\/#website","url":"https:\/\/enlightennext.de\/","name":"enlightennext.de","description":"Secrets de Style: D\u00e9couvrez comment cr\u00e9er des tenues harmonieuses et modernes","potentialAction":[{"@type":"SearchAction","target":{"@type":"EntryPoint","urlTemplate":"https:\/\/enlightennext.de\/?s={search_term_string}"},"query-input":"required name=search_term_string"}],"inLanguage":"ro-RO"},{"@type":"Person","@id":"https:\/\/enlightennext.de\/#\/schema\/person\/6ea62a9f0cec1fbef503222ec19f4e12","name":"\u00c9va Morel","image":{"@type":"ImageObject","inLanguage":"ro-RO","@id":"https:\/\/enlightennext.de\/#\/schema\/person\/image\/","url":"https:\/\/enlightennext.de\/wp-content\/uploads\/2025\/02\/zorllnzxod4_ad_avatar-96x96.jpg","contentUrl":"https:\/\/enlightennext.de\/wp-content\/uploads\/2025\/02\/zorllnzxod4_ad_avatar-96x96.jpg","caption":"\u00c9va Morel"},"description":"Je m\u2019appelle \u00c9va Morel, styliste et r\u00e9dactrice mode passionn\u00e9e, originaire de Bordeaux. J\u2019accompagne chacun \u00e0 affirmer son style avec des pi\u00e8ces r\u00e9fl\u00e9chies et authentiques. Mon objectif ? Inspirer une mode responsable et personnalis\u00e9e, o\u00f9 chaque tenue refl\u00e8te la singularit\u00e9 de celui ou celle qui la porte.","url":"https:\/\/enlightennext.de\/ro\/author\/eva-morel\/"}]}},"yoast_meta":{"yoast_wpseo_title":"","yoast_wpseo_metadesc":"","yoast_wpseo_canonical":"https:\/\/enlightennext.de\/ro\/wp-json\/wp\/v2\/posts\/148"},"_links":{"self":[{"href":"https:\/\/enlightennext.de\/ro\/wp-json\/wp\/v2\/posts\/148","targetHints":{"allow":["GET"]}}],"collection":[{"href":"https:\/\/enlightennext.de\/ro\/wp-json\/wp\/v2\/posts"}],"about":[{"href":"https:\/\/enlightennext.de\/ro\/wp-json\/wp\/v2\/types\/post"}],"author":[{"embeddable":true,"href":"https:\/\/enlightennext.de\/ro\/wp-json\/wp\/v2\/users\/1"}],"replies":[{"embeddable":true,"href":"https:\/\/enlightennext.de\/ro\/wp-json\/wp\/v2\/comments?post=148"}],"version-history":[{"count":1,"href":"https:\/\/enlightennext.de\/ro\/wp-json\/wp\/v2\/posts\/148\/revisions"}],"predecessor-version":[{"id":164,"href":"https:\/\/enlightennext.de\/ro\/wp-json\/wp\/v2\/posts\/148\/revisions\/164"}],"wp:featuredmedia":[{"embeddable":true,"href":"https:\/\/enlightennext.de\/ro\/wp-json\/wp\/v2\/media\/118"}],"wp:attachment":[{"href":"https:\/\/enlightennext.de\/ro\/wp-json\/wp\/v2\/media?parent=148"}],"wp:term":[{"taxonomy":"category","embeddable":true,"href":"https:\/\/enlightennext.de\/ro\/wp-json\/wp\/v2\/categories?post=148"},{"taxonomy":"post_tag","embeddable":true,"href":"https:\/\/enlightennext.de\/ro\/wp-json\/wp\/v2\/tags?post=148"}],"curies":[{"name":"wp","href":"https:\/\/api.w.org\/{rel}","templated":true}]}}