{"id":100,"date":"2025-02-23T00:00:00","date_gmt":"2025-02-23T00:00:00","guid":{"rendered":"https:\/\/enlightennext.de\/?p=100"},"modified":"2025-02-23T00:00:00","modified_gmt":"2025-02-23T00:00:00","slug":"les-pieces-incontournables-pour-une-garde-robe-chic-et-moderne","status":"publish","type":"post","link":"https:\/\/enlightennext.de\/ro\/les-pieces-incontournables-pour-une-garde-robe-chic-et-moderne\/","title":{"rendered":"Piesele esen\u021biale pentru o garderob\u0103 elegant\u0103 \u0219i modern\u0103"},"content":{"rendered":"<div class=\"kk-star-ratings kksr-auto kksr-align-left kksr-valign-top\"\n    data-payload='{&quot;align&quot;:&quot;left&quot;,&quot;id&quot;:&quot;100&quot;,&quot;slug&quot;:&quot;default&quot;,&quot;valign&quot;:&quot;top&quot;,&quot;ignore&quot;:&quot;&quot;,&quot;reference&quot;:&quot;auto&quot;,&quot;class&quot;:&quot;&quot;,&quot;count&quot;:&quot;0&quot;,&quot;legendonly&quot;:&quot;&quot;,&quot;readonly&quot;:&quot;&quot;,&quot;score&quot;:&quot;0&quot;,&quot;starsonly&quot;:&quot;&quot;,&quot;best&quot;:&quot;5&quot;,&quot;gap&quot;:&quot;5&quot;,&quot;greet&quot;:&quot;Rate this post&quot;,&quot;legend&quot;:&quot;0\\\/5 - (0 votes)&quot;,&quot;size&quot;:&quot;24&quot;,&quot;title&quot;:&quot;Les pi\u00e8ces incontournables pour une garde-robe chic et moderne&quot;,&quot;width&quot;:&quot;0&quot;,&quot;_legend&quot;:&quot;{score}\\\/{best} - ({count} {votes})&quot;,&quot;font_factor&quot;:&quot;1.25&quot;}'>\n            \n<div class=\"kksr-stars\">\n    \n<div class=\"kksr-stars-inactive\">\n            <div class=\"kksr-star\" data-star=\"1\" style=\"padding-right: 5px\">\n            \n\n<div class=\"kksr-icon\" style=\"width: 24px; height: 24px;\"><\/div>\n        <\/div>\n            <div class=\"kksr-star\" data-star=\"2\" style=\"padding-right: 5px\">\n            \n\n<div class=\"kksr-icon\" style=\"width: 24px; height: 24px;\"><\/div>\n        <\/div>\n            <div class=\"kksr-star\" data-star=\"3\" style=\"padding-right: 5px\">\n            \n\n<div class=\"kksr-icon\" style=\"width: 24px; height: 24px;\"><\/div>\n        <\/div>\n            <div class=\"kksr-star\" data-star=\"4\" style=\"padding-right: 5px\">\n            \n\n<div class=\"kksr-icon\" style=\"width: 24px; height: 24px;\"><\/div>\n        <\/div>\n            <div class=\"kksr-star\" data-star=\"5\" style=\"padding-right: 5px\">\n            \n\n<div class=\"kksr-icon\" style=\"width: 24px; height: 24px;\"><\/div>\n        <\/div>\n    <\/div>\n    \n<div class=\"kksr-stars-active\" style=\"width: 0px;\">\n            <div class=\"kksr-star\" style=\"padding-right: 5px\">\n            \n\n<div class=\"kksr-icon\" style=\"width: 24px; height: 24px;\"><\/div>\n        <\/div>\n            <div class=\"kksr-star\" style=\"padding-right: 5px\">\n            \n\n<div class=\"kksr-icon\" style=\"width: 24px; height: 24px;\"><\/div>\n        <\/div>\n            <div class=\"kksr-star\" style=\"padding-right: 5px\">\n            \n\n<div class=\"kksr-icon\" style=\"width: 24px; height: 24px;\"><\/div>\n        <\/div>\n            <div class=\"kksr-star\" style=\"padding-right: 5px\">\n            \n\n<div class=\"kksr-icon\" style=\"width: 24px; height: 24px;\"><\/div>\n        <\/div>\n            <div class=\"kksr-star\" style=\"padding-right: 5px\">\n            \n\n<div class=\"kksr-icon\" style=\"width: 24px; height: 24px;\"><\/div>\n        <\/div>\n    <\/div>\n<\/div>\n                \n\n<div class=\"kksr-legend\" style=\"font-size: 19.2px;\">\n            <span class=\"kksr-muted\">Evalueaz\u0103 aceast\u0103 postare<\/span>\n    <\/div>\n    <\/div>\n<p>Dans un monde de mode souvent satur\u00e9 d&rsquo;options vari\u00e9es, trouver les pi\u00e8ces qui refl\u00e8tent vraiment votre style personnel tout en \u00e9tant \u00e0 la pointe des tendances peut sembler une t\u00e2che ardue. Une garde-robe chic et moderne n&rsquo;est pas simplement une collection de v\u00eatements, mais une harmonie de styles, de couleurs et de textures qui racontent une histoire unique sur vous. En int\u00e9grant quelques basiques intemporels, ainsi que des pi\u00e8ces phares de la saison, vous pouvez cr\u00e9er une toile de fond \u00e9l\u00e9gante qui s&rsquo;adapte \u00e0 chaque situation. Soyez assur\u00e9 que la simplicit\u00e9 peut \u00eatre synonyme de sophistication. Gr\u00e2ce \u00e0 une combinaison r\u00e9fl\u00e9chie de v\u00eatements essentiels et d&rsquo;accessoires tendance, vous pouvez transformer n&rsquo;importe quel ensemble. Dans cet article, nous explorerons les \u00e9l\u00e9ments cl\u00e9s pour \u00e9laborer une garde-robe \u00e9l\u00e9gante et contemporaine.<\/p>\n<h2>Les basiques de la garde-robe<\/h2>\n<p><img decoding=\"async\" alt=\"Un portant \u00e0 v\u00eatements avec des chemises et robes dans des tons doux et naturels, \u00e9clair\u00e9 par la lumi\u00e8re du jour.\" src=\"https:\/\/enlightennext.de\/wp-content\/uploads\/2025\/02\/imagecb721a48575e465eab469783ebb7f286.png\"\/><\/p>\n<p>Les v\u00eatements essentiels sont la pierre angulaire de toute garde-robe r\u00e9ussie. Ils offrent la base sur laquelle vous pourrez construire des looks vari\u00e9s. Voici quelques pi\u00e8ces qui sont non seulement pratiques mais \u00e9galement essentielles pour un style moderne :<\/p>\n<ul>\n<li>T-shirts de qualit\u00e9 en diff\u00e9rentes couleurs<\/li>\n<li>Jeans bien coup\u00e9s<\/li>\n<li>Un joli pull en laine ou en cachemire<\/li>\n<li>Un manteau intemporel<\/li>\n<\/ul>\n<p>Un t-shirt blanc de qualit\u00e9, par exemple, est un incontournable polyvalent qui s\u2019adapte \u00e0 toutes les occasions, que ce soit pour une sortie d\u00e9contract\u00e9e ou une soir\u00e9e habill\u00e9e. Il constitue un excellent point de d\u00e9part pour cr\u00e9er des ensembles styl\u00e9s. En parall\u00e8le, la chemise en denim est un autre v\u00eatement qui ne se d\u00e9mode jamais. Ce dernier peut \u00eatre associ\u00e9 \u00e0 presque tout, cr\u00e9ant ainsi une allure d\u00e9contract\u00e9e tout en \u00e9tant chic.<\/p>\n<h2>Les pi\u00e8ces cl\u00e9s pour un style moderne<\/h2>\n<p><img decoding=\"async\" alt=\"Des sacs \u00e0 main \u00e9l\u00e9gants, des chaussures rouges et des accessoires d\u00e9corent une table, entour\u00e9s de plantes.\" src=\"https:\/\/enlightennext.de\/wp-content\/uploads\/2025\/02\/image73119ebe2da0433db23e7cf409e6cd54.png\"\/><\/p>\n<p>Au-del\u00e0 des basiques, certaines pi\u00e8ces phares peuvent v\u00e9ritablement \u00e9lever votre garde-robe. Parmi celles-ci, le blazer structur\u00e9 se distingue particuli\u00e8rement. Non seulement il ajoute de la sophistication \u00e0 un look, mais il est \u00e9galement tr\u00e8s versatile. Vous pouvez le porter au bureau, lors d\u2019un \u00e9v\u00e9nement sp\u00e9cial ou m\u00eame pour un brunch. Accord\u00e9 avec un t-shirt et un jean, il devient votre meilleur alli\u00e9 pour un style sans effort.<\/p>\n<p>Une robe midi est \u00e9galement essentielle. Elle peut \u00eatre port\u00e9e toute l&rsquo;ann\u00e9e et se d\u00e9cline dans de multiples styles et tissus. Que vous optiez pour un mod\u00e8le fleuri en \u00e9t\u00e9 ou un mod\u00e8le uni en hiver, la robe midi reste intemporelle.<\/p>\n<table border=\"1\">\n<tr>\n<th>Tipul de \u00eembr\u0103c\u0103minte<\/th>\n<th>Caracteristici<\/th>\n<th>Accessorisation<\/th>\n<\/tr>\n<tr>\n<td>T-shirt blanc<\/td>\n<td>Polyvalent et intemporel<\/td>\n<td>Des colliers d\u00e9licats ou une \u00e9charpe color\u00e9e<\/td>\n<\/tr>\n<tr>\n<td>Sacou structurat<\/td>\n<td>Elegant \u0219i profesional<\/td>\n<td>Ceinture pour cintrer la taille ou bijoux discrets<\/td>\n<\/tr>\n<tr>\n<td>Robe midi<\/td>\n<td>F\u00e9minine et adaptable<\/td>\n<td>Sandales \u00e0 talons ou des ballerines \u00e9l\u00e9gantes<\/td>\n<\/tr>\n<\/table>\n<p>Les accessoires jouent \u00e9galement un r\u00f4le crucial dans l&rsquo;\u00e9laboration d&rsquo;un look moderne. Un bon sac \u00e0 main peut faire passer votre style d&rsquo;ordinaire \u00e0 exceptionnel, tout en \u00e9tant fonctionnel. Mettez \u00e9galement l&rsquo;accent sur les chaussures, car elles sont un \u00e9l\u00e9ment cl\u00e9 de votre outfit. Investissez dans des pi\u00e8ces de qualit\u00e9 qui refl\u00e8tent votre personnalit\u00e9 et qui s&rsquo;accorderont avec vos tenues.<\/p>\n<h2>Concluzie<\/h2>\n<p>Construire une garde-robe chic et moderne n\u00e9cessite des choix r\u00e9fl\u00e9chis bas\u00e9s sur votre style personnel et vos go\u00fbts. En int\u00e9grant des basiques intemporels, des pi\u00e8ces cl\u00e9s et des accessoires bien choisis, vous pouvez cr\u00e9er une vari\u00e9t\u00e9 de looks qui sont \u00e0 la fois \u00e9l\u00e9gants et actuels. Rester fid\u00e8le \u00e0 soi-m\u00eame tout en restant ouvert aux tendances est la cl\u00e9 pour \u00e9tablir un style durable. N\u2019ayez pas peur d\u2019exp\u00e9rimenter et d\u2019interchanger des pi\u00e8ces pour trouver la combinaison parfaite qui vous parle. Une garde-robe \u00e9l\u00e9gante et moderne est \u00e0 votre port\u00e9e, il suffit de savoir o\u00f9 chercher et comment l\u2019assembler.<\/p>\n<h2>\u00centreb\u0103ri frecvente<\/h2>\n<ul>\n<li><strong>Quelles sont les couleurs \u00e0 privil\u00e9gier pour une garde-robe moderne ?<\/strong>\n<ul>\n<li>Optez pour des couleurs neutres comme le noir, le blanc et le beige, tout en ajoutant des touches de couleurs vives selon votre personnalit\u00e9.<\/li>\n<\/ul>\n<\/li>\n<li><strong>Comment entretenir mes v\u00eatements pour qu&rsquo;ils restent chic ?<\/strong>\n<ul>\n<li>Suivez les instructions de lavage.<\/li>\n<li>Evitez le s\u00e9chage \u00e0 haute temp\u00e9rature.<\/li>\n<li>Rangez vos pi\u00e8ces correctement pour pr\u00e9server leur forme et leur couleur.<\/li>\n<\/ul>\n<\/li>\n<li><strong>Les tendances actuelles en mode sont-elles durables ?<\/strong>\n<ul>\n<li>De plus en plus de marques se tournent vers la mode durable.<\/li>\n<li>Il est essentiel de privil\u00e9gier des pratiques \u00e9thiques et des mat\u00e9riaux recycl\u00e9s.<\/li>\n<\/ul>\n<\/li>\n<li><strong>Comment mixer les styles pour un look unique ?<\/strong>\n<ul>\n<li>M\u00e9langez des pi\u00e8ces classiques avec des \u00e9l\u00e9ments plus audacieux pour cr\u00e9er un ensemble qui vous ressemble.<\/li>\n<\/ul>\n<\/li>\n<\/ul>","protected":false},"excerpt":{"rendered":"<p>Dans un monde de mode souvent satur\u00e9 d&rsquo;options vari\u00e9es, trouver les pi\u00e8ces qui refl\u00e8tent vraiment votre style personnel tout en \u00e9tant \u00e0 la pointe&#46;&#46;&#46;<\/p>","protected":false},"author":1,"featured_media":75,"comment_status":"open","ping_status":"open","sticky":false,"template":"","format":"standard","meta":{"_acf_changed":false,"footnotes":""},"categories":[1],"tags":[],"class_list":["post-100","post","type-post","status-publish","format-standard","has-post-thumbnail","hentry","category-blog"],"acf":[],"yoast_head":"<!-- This site is optimized with the Yoast SEO plugin v23.2 - https:\/\/yoast.com\/wordpress\/plugins\/seo\/ -->\n<title>Les pi\u00e8ces incontournables pour une garde-robe chic et moderne : le guide ultime<\/title>\n<meta name=\"description\" content=\"D\u00e9couvrez les essentiels pour composer une garde-robe chic et moderne, alliant style, qualit\u00e9 et polyvalence.\" \/>\n<meta name=\"robots\" content=\"index, follow, max-snippet:-1, max-image-preview:large, max-video-preview:-1\" \/>\n<link rel=\"canonical\" href=\"https:\/\/enlightennext.de\/ro\/les-pieces-incontournables-pour-une-garde-robe-chic-et-moderne\/\" \/>\n<meta property=\"og:locale\" content=\"ro_RO\" \/>\n<meta property=\"og:type\" content=\"article\" \/>\n<meta property=\"og:title\" content=\"Les pi\u00e8ces incontournables pour une garde-robe chic et moderne : le guide ultime\" \/>\n<meta property=\"og:description\" content=\"D\u00e9couvrez les essentiels pour composer une garde-robe chic et moderne, alliant style, qualit\u00e9 et polyvalence.\" \/>\n<meta property=\"og:url\" content=\"https:\/\/enlightennext.de\/ro\/les-pieces-incontournables-pour-une-garde-robe-chic-et-moderne\/\" \/>\n<meta property=\"og:site_name\" content=\"enlightennext.de\" \/>\n<meta property=\"article:published_time\" content=\"2025-02-23T00:00:00+00:00\" \/>\n<meta property=\"og:image\" content=\"https:\/\/enlightennext.de\/wp-content\/uploads\/2025\/02\/image35ccd9aff40b45fc91204df9103447d1.png\" \/>\n\t<meta property=\"og:image:width\" content=\"1024\" \/>\n\t<meta property=\"og:image:height\" content=\"768\" \/>\n\t<meta property=\"og:image:type\" content=\"image\/png\" \/>\n<meta name=\"author\" content=\"\u00c9va Morel\" \/>\n<meta name=\"twitter:card\" content=\"summary_large_image\" \/>\n<meta name=\"twitter:label1\" content=\"Scris de\" \/>\n\t<meta name=\"twitter:data1\" content=\"\u00c9va Morel\" \/>\n\t<meta name=\"twitter:label2\" content=\"Timp estimat pentru citire\" \/>\n\t<meta name=\"twitter:data2\" content=\"4 minute\" \/>\n<script type=\"application\/ld+json\" class=\"yoast-schema-graph\">{\"@context\":\"https:\/\/schema.org\",\"@graph\":[{\"@type\":\"WebPage\",\"@id\":\"https:\/\/enlightennext.de\/les-pieces-incontournables-pour-une-garde-robe-chic-et-moderne\/\",\"url\":\"https:\/\/enlightennext.de\/les-pieces-incontournables-pour-une-garde-robe-chic-et-moderne\/\",\"name\":\"Les pi\u00e8ces incontournables pour une garde-robe chic et moderne : le guide ultime\",\"isPartOf\":{\"@id\":\"https:\/\/enlightennext.de\/#website\"},\"primaryImageOfPage\":{\"@id\":\"https:\/\/enlightennext.de\/les-pieces-incontournables-pour-une-garde-robe-chic-et-moderne\/#primaryimage\"},\"image\":{\"@id\":\"https:\/\/enlightennext.de\/les-pieces-incontournables-pour-une-garde-robe-chic-et-moderne\/#primaryimage\"},\"thumbnailUrl\":\"https:\/\/enlightennext.de\/wp-content\/uploads\/2025\/02\/image35ccd9aff40b45fc91204df9103447d1.png\",\"datePublished\":\"2025-02-23T00:00:00+00:00\",\"dateModified\":\"2025-02-23T00:00:00+00:00\",\"author\":{\"@id\":\"https:\/\/enlightennext.de\/#\/schema\/person\/6ea62a9f0cec1fbef503222ec19f4e12\"},\"description\":\"D\u00e9couvrez les essentiels pour composer une garde-robe chic et moderne, alliant style, qualit\u00e9 et polyvalence.\",\"breadcrumb\":{\"@id\":\"https:\/\/enlightennext.de\/les-pieces-incontournables-pour-une-garde-robe-chic-et-moderne\/#breadcrumb\"},\"inLanguage\":\"ro-RO\",\"potentialAction\":[{\"@type\":\"ReadAction\",\"target\":[\"https:\/\/enlightennext.de\/les-pieces-incontournables-pour-une-garde-robe-chic-et-moderne\/\"]}]},{\"@type\":\"ImageObject\",\"inLanguage\":\"ro-RO\",\"@id\":\"https:\/\/enlightennext.de\/les-pieces-incontournables-pour-une-garde-robe-chic-et-moderne\/#primaryimage\",\"url\":\"https:\/\/enlightennext.de\/wp-content\/uploads\/2025\/02\/image35ccd9aff40b45fc91204df9103447d1.png\",\"contentUrl\":\"https:\/\/enlightennext.de\/wp-content\/uploads\/2025\/02\/image35ccd9aff40b45fc91204df9103447d1.png\",\"width\":1024,\"height\":768},{\"@type\":\"BreadcrumbList\",\"@id\":\"https:\/\/enlightennext.de\/les-pieces-incontournables-pour-une-garde-robe-chic-et-moderne\/#breadcrumb\",\"itemListElement\":[{\"@type\":\"ListItem\",\"position\":1,\"name\":\"Home\",\"item\":\"https:\/\/enlightennext.de\/\"},{\"@type\":\"ListItem\",\"position\":2,\"name\":\"Les pi\u00e8ces incontournables pour une garde-robe chic et moderne\"}]},{\"@type\":\"WebSite\",\"@id\":\"https:\/\/enlightennext.de\/#website\",\"url\":\"https:\/\/enlightennext.de\/\",\"name\":\"enlightennext.de\",\"description\":\"Secrets de Style: D\u00e9couvrez comment cr\u00e9er des tenues harmonieuses et modernes\",\"potentialAction\":[{\"@type\":\"SearchAction\",\"target\":{\"@type\":\"EntryPoint\",\"urlTemplate\":\"https:\/\/enlightennext.de\/?s={search_term_string}\"},\"query-input\":\"required name=search_term_string\"}],\"inLanguage\":\"ro-RO\"},{\"@type\":\"Person\",\"@id\":\"https:\/\/enlightennext.de\/#\/schema\/person\/6ea62a9f0cec1fbef503222ec19f4e12\",\"name\":\"\u00c9va Morel\",\"image\":{\"@type\":\"ImageObject\",\"inLanguage\":\"ro-RO\",\"@id\":\"https:\/\/enlightennext.de\/#\/schema\/person\/image\/\",\"url\":\"https:\/\/enlightennext.de\/wp-content\/uploads\/2025\/02\/zorllnzxod4_ad_avatar-96x96.jpg\",\"contentUrl\":\"https:\/\/enlightennext.de\/wp-content\/uploads\/2025\/02\/zorllnzxod4_ad_avatar-96x96.jpg\",\"caption\":\"\u00c9va Morel\"},\"description\":\"Je m\u2019appelle \u00c9va Morel, styliste et r\u00e9dactrice mode passionn\u00e9e, originaire de Bordeaux. J\u2019accompagne chacun \u00e0 affirmer son style avec des pi\u00e8ces r\u00e9fl\u00e9chies et authentiques. Mon objectif ? Inspirer une mode responsable et personnalis\u00e9e, o\u00f9 chaque tenue refl\u00e8te la singularit\u00e9 de celui ou celle qui la porte.\",\"url\":\"https:\/\/enlightennext.de\/ro\/author\/eva-morel\/\"}]}<\/script>\n<!-- \/ Yoast SEO plugin. -->","yoast_head_json":{"title":"Les pi\u00e8ces incontournables pour une garde-robe chic et moderne : le guide ultime","description":"D\u00e9couvrez les essentiels pour composer une garde-robe chic et moderne, alliant style, qualit\u00e9 et polyvalence.","robots":{"index":"index","follow":"follow","max-snippet":"max-snippet:-1","max-image-preview":"max-image-preview:large","max-video-preview":"max-video-preview:-1"},"canonical":"https:\/\/enlightennext.de\/ro\/les-pieces-incontournables-pour-une-garde-robe-chic-et-moderne\/","og_locale":"ro_RO","og_type":"article","og_title":"Les pi\u00e8ces incontournables pour une garde-robe chic et moderne : le guide ultime","og_description":"D\u00e9couvrez les essentiels pour composer une garde-robe chic et moderne, alliant style, qualit\u00e9 et polyvalence.","og_url":"https:\/\/enlightennext.de\/ro\/les-pieces-incontournables-pour-une-garde-robe-chic-et-moderne\/","og_site_name":"enlightennext.de","article_published_time":"2025-02-23T00:00:00+00:00","og_image":[{"width":1024,"height":768,"url":"https:\/\/enlightennext.de\/wp-content\/uploads\/2025\/02\/image35ccd9aff40b45fc91204df9103447d1.png","type":"image\/png"}],"author":"\u00c9va Morel","twitter_card":"summary_large_image","twitter_misc":{"Scris de":"\u00c9va Morel","Timp estimat pentru citire":"4 minute"},"schema":{"@context":"https:\/\/schema.org","@graph":[{"@type":"WebPage","@id":"https:\/\/enlightennext.de\/les-pieces-incontournables-pour-une-garde-robe-chic-et-moderne\/","url":"https:\/\/enlightennext.de\/les-pieces-incontournables-pour-une-garde-robe-chic-et-moderne\/","name":"Les pi\u00e8ces incontournables pour une garde-robe chic et moderne : le guide ultime","isPartOf":{"@id":"https:\/\/enlightennext.de\/#website"},"primaryImageOfPage":{"@id":"https:\/\/enlightennext.de\/les-pieces-incontournables-pour-une-garde-robe-chic-et-moderne\/#primaryimage"},"image":{"@id":"https:\/\/enlightennext.de\/les-pieces-incontournables-pour-une-garde-robe-chic-et-moderne\/#primaryimage"},"thumbnailUrl":"https:\/\/enlightennext.de\/wp-content\/uploads\/2025\/02\/image35ccd9aff40b45fc91204df9103447d1.png","datePublished":"2025-02-23T00:00:00+00:00","dateModified":"2025-02-23T00:00:00+00:00","author":{"@id":"https:\/\/enlightennext.de\/#\/schema\/person\/6ea62a9f0cec1fbef503222ec19f4e12"},"description":"D\u00e9couvrez les essentiels pour composer une garde-robe chic et moderne, alliant style, qualit\u00e9 et polyvalence.","breadcrumb":{"@id":"https:\/\/enlightennext.de\/les-pieces-incontournables-pour-une-garde-robe-chic-et-moderne\/#breadcrumb"},"inLanguage":"ro-RO","potentialAction":[{"@type":"ReadAction","target":["https:\/\/enlightennext.de\/les-pieces-incontournables-pour-une-garde-robe-chic-et-moderne\/"]}]},{"@type":"ImageObject","inLanguage":"ro-RO","@id":"https:\/\/enlightennext.de\/les-pieces-incontournables-pour-une-garde-robe-chic-et-moderne\/#primaryimage","url":"https:\/\/enlightennext.de\/wp-content\/uploads\/2025\/02\/image35ccd9aff40b45fc91204df9103447d1.png","contentUrl":"https:\/\/enlightennext.de\/wp-content\/uploads\/2025\/02\/image35ccd9aff40b45fc91204df9103447d1.png","width":1024,"height":768},{"@type":"BreadcrumbList","@id":"https:\/\/enlightennext.de\/les-pieces-incontournables-pour-une-garde-robe-chic-et-moderne\/#breadcrumb","itemListElement":[{"@type":"ListItem","position":1,"name":"Home","item":"https:\/\/enlightennext.de\/"},{"@type":"ListItem","position":2,"name":"Les pi\u00e8ces incontournables pour une garde-robe chic et moderne"}]},{"@type":"WebSite","@id":"https:\/\/enlightennext.de\/#website","url":"https:\/\/enlightennext.de\/","name":"enlightennext.de","description":"Secrets de Style: D\u00e9couvrez comment cr\u00e9er des tenues harmonieuses et modernes","potentialAction":[{"@type":"SearchAction","target":{"@type":"EntryPoint","urlTemplate":"https:\/\/enlightennext.de\/?s={search_term_string}"},"query-input":"required name=search_term_string"}],"inLanguage":"ro-RO"},{"@type":"Person","@id":"https:\/\/enlightennext.de\/#\/schema\/person\/6ea62a9f0cec1fbef503222ec19f4e12","name":"\u00c9va Morel","image":{"@type":"ImageObject","inLanguage":"ro-RO","@id":"https:\/\/enlightennext.de\/#\/schema\/person\/image\/","url":"https:\/\/enlightennext.de\/wp-content\/uploads\/2025\/02\/zorllnzxod4_ad_avatar-96x96.jpg","contentUrl":"https:\/\/enlightennext.de\/wp-content\/uploads\/2025\/02\/zorllnzxod4_ad_avatar-96x96.jpg","caption":"\u00c9va Morel"},"description":"Je m\u2019appelle \u00c9va Morel, styliste et r\u00e9dactrice mode passionn\u00e9e, originaire de Bordeaux. J\u2019accompagne chacun \u00e0 affirmer son style avec des pi\u00e8ces r\u00e9fl\u00e9chies et authentiques. Mon objectif ? Inspirer une mode responsable et personnalis\u00e9e, o\u00f9 chaque tenue refl\u00e8te la singularit\u00e9 de celui ou celle qui la porte.","url":"https:\/\/enlightennext.de\/ro\/author\/eva-morel\/"}]}},"yoast_meta":{"yoast_wpseo_title":"","yoast_wpseo_metadesc":"","yoast_wpseo_canonical":"https:\/\/enlightennext.de\/ro\/wp-json\/wp\/v2\/posts\/100"},"_links":{"self":[{"href":"https:\/\/enlightennext.de\/ro\/wp-json\/wp\/v2\/posts\/100","targetHints":{"allow":["GET"]}}],"collection":[{"href":"https:\/\/enlightennext.de\/ro\/wp-json\/wp\/v2\/posts"}],"about":[{"href":"https:\/\/enlightennext.de\/ro\/wp-json\/wp\/v2\/types\/post"}],"author":[{"embeddable":true,"href":"https:\/\/enlightennext.de\/ro\/wp-json\/wp\/v2\/users\/1"}],"replies":[{"embeddable":true,"href":"https:\/\/enlightennext.de\/ro\/wp-json\/wp\/v2\/comments?post=100"}],"version-history":[{"count":1,"href":"https:\/\/enlightennext.de\/ro\/wp-json\/wp\/v2\/posts\/100\/revisions"}],"predecessor-version":[{"id":107,"href":"https:\/\/enlightennext.de\/ro\/wp-json\/wp\/v2\/posts\/100\/revisions\/107"}],"wp:featuredmedia":[{"embeddable":true,"href":"https:\/\/enlightennext.de\/ro\/wp-json\/wp\/v2\/media\/75"}],"wp:attachment":[{"href":"https:\/\/enlightennext.de\/ro\/wp-json\/wp\/v2\/media?parent=100"}],"wp:term":[{"taxonomy":"category","embeddable":true,"href":"https:\/\/enlightennext.de\/ro\/wp-json\/wp\/v2\/categories?post=100"},{"taxonomy":"post_tag","embeddable":true,"href":"https:\/\/enlightennext.de\/ro\/wp-json\/wp\/v2\/tags?post=100"}],"curies":[{"name":"wp","href":"https:\/\/api.w.org\/{rel}","templated":true}]}}